{"id":1193,"date":"2017-01-02T13:26:32","date_gmt":"2017-01-02T12:26:32","guid":{"rendered":"http:\/\/esbartciutatcomtal.cat\/?p=1193"},"modified":"2017-01-02T13:27:50","modified_gmt":"2017-01-02T12:27:50","slug":"acrostic-gira","status":"publish","type":"post","link":"https:\/\/esbartciutatcomtal.cat\/index.php\/noticies\/acrostic-gira\/","title":{"rendered":"#Acr\u00f2sticontour &#8211; Sortim de gira!"},"content":{"rendered":"<div id=\"attachment_1191\" style=\"width: 374px\" class=\"wp-caption alignright\"><img aria-describedby=\"caption-attachment-1191\" loading=\"lazy\" class=\"wp-image-1191\" src=\"http:\/\/esbartciutatcomtal.cat\/wp-content\/uploads\/2017\/01\/IMG-20161024-WA0045-300x200.jpg\" alt=\"Acr\u00f2stic Teatre Municipal l'Ateneu\" width=\"364\" height=\"216\"><p id=\"caption-attachment-1191\" class=\"wp-caption-text\">Foto Fernando Prats<\/p><\/div>\n<p>Despr\u00e9s de l&#8217;estrena del passat octubre Acr\u00f2stic inicia el seu cam\u00ed.&nbsp;<\/p>\n<h3>#Acr\u00f2sticontour&nbsp;<\/h3>\n<p>Aquest 2017 farem Esbart. Treieu les agendes ja us podeu apuntar les primeres dues dates:&nbsp;<\/p>\n<ul>\n<li>4 de mar\u00e7 al Centre Cultural de Vilanova del Vall\u00e8s a les 19h<\/li>\n<li>14 de maig al Teatre Municipal l&#8217;Ateneu a les 19h. <a href=\"https:\/\/www.ticketea.com\/entradas-teatro-acrostic-esbart-ciutat-comtal-teatre-municipal-lateneu\/\">Entrades aqu\u00ed.&nbsp;<\/a><\/li>\n<\/ul>\n<p>Us esperem! I no oblideu de compartir aquesta informaci\u00f3 amb tots els vostres contactes.&nbsp;<\/p>\n<p>&nbsp;<\/p>\n<p>&nbsp;<\/p>\n","protected":false},"excerpt":{"rendered":"<p>Despr\u00e9s de l&#8217;estrena del passat octubre Acr\u00f2stic inicia el seu cam\u00ed.&nbsp; #Acr\u00f2sticontour&nbsp; Aquest 2017 farem Esbart. Treieu les agendes ja us podeu apuntar les primeres dues dates:&nbsp; 4 de mar\u00e7 al Centre Cultural de Vilanova del Vall\u00e8s a les 19h 14 de maig al Teatre Municipal l&#8217;Ateneu a les 19h. Entrades aqu\u00ed.&nbsp; Us esperem! I [&hellip;]<\/p>\n","protected":false},"author":1,"featured_media":1191,"comment_status":"open","ping_status":"open","sticky":false,"template":"","format":"standard","meta":{"ngg_post_thumbnail":0},"categories":[14],"tags":[],"yoast_head":"<!-- This site is optimized with the Yoast SEO plugin v17.6 - https:\/\/yoast.com\/wordpress\/plugins\/seo\/ -->\n<title>Acr\u00f2stic Gira<\/title>\n<meta name=\"description\" content=\"Aquest 2017 tindreu les agendes ben plenes d&#039;Esbart. Ja tenim les dues primeres actuacions d&#039;Acr\u00f2stic gira confirmades.\" \/>\n<meta name=\"robots\" content=\"index, follow, max-snippet:-1, max-image-preview:large, max-video-preview:-1\" \/>\n<link rel=\"canonical\" href=\"https:\/\/esbartciutatcomtal.cat\/index.php\/noticies\/acrostic-gira\/\" \/>\n<meta property=\"og:locale\" content=\"ca_ES\" \/>\n<meta property=\"og:type\" content=\"article\" \/>\n<meta property=\"og:title\" content=\"Acr\u00f2stic Gira\" \/>\n<meta property=\"og:description\" content=\"Aquest 2017 tindreu les agendes ben plenes d&#039;Esbart. Ja tenim les dues primeres actuacions d&#039;Acr\u00f2stic gira confirmades.\" \/>\n<meta property=\"og:url\" content=\"https:\/\/esbartciutatcomtal.cat\/index.php\/noticies\/acrostic-gira\/\" \/>\n<meta property=\"og:site_name\" content=\"Esbart Ciutat Comtal\" \/>\n<meta property=\"article:publisher\" content=\"https:\/\/www.facebook.com\/esbartciutatcomtal\/\" \/>\n<meta property=\"article:published_time\" content=\"2017-01-02T12:26:32+00:00\" \/>\n<meta property=\"article:modified_time\" content=\"2017-01-02T12:27:50+00:00\" \/>\n<meta property=\"og:image\" content=\"https:\/\/esbartciutatcomtal.cat\/wp-content\/uploads\/2017\/01\/IMG-20161024-WA0045.jpg\" \/>\n\t<meta property=\"og:image:width\" content=\"1290\" \/>\n\t<meta property=\"og:image:height\" content=\"860\" \/>\n<meta name=\"twitter:card\" content=\"summary\" \/>\n<meta name=\"twitter:creator\" content=\"@esbartciutatcom\" \/>\n<meta name=\"twitter:site\" content=\"@esbartciutatcom\" \/>\n<meta name=\"twitter:label1\" content=\"Escrit per\" \/>\n\t<meta name=\"twitter:data1\" content=\"admin\" \/>\n<script type=\"application\/ld+json\" class=\"yoast-schema-graph\">{\"@context\":\"https:\/\/schema.org\",\"@graph\":[{\"@type\":\"Organization\",\"@id\":\"https:\/\/esbartciutatcomtal.cat\/#organization\",\"name\":\"Esbart Ciutat Comtal\",\"url\":\"https:\/\/esbartciutatcomtal.cat\/\",\"sameAs\":[\"https:\/\/www.facebook.com\/esbartciutatcomtal\/\",\"https:\/\/www.instagram.com\/esbartciutatcom\/\",\"https:\/\/www.youtube.com\/user\/eciutatcomtal\",\"https:\/\/twitter.com\/esbartciutatcom\"],\"logo\":{\"@type\":\"ImageObject\",\"@id\":\"https:\/\/esbartciutatcomtal.cat\/#logo\",\"inLanguage\":\"ca\",\"url\":\"https:\/\/esbartciutatcomtal.cat\/wp-content\/uploads\/2015\/05\/ECClogo.png\",\"contentUrl\":\"https:\/\/esbartciutatcomtal.cat\/wp-content\/uploads\/2015\/05\/ECClogo.png\",\"width\":300,\"height\":125,\"caption\":\"Esbart Ciutat Comtal\"},\"image\":{\"@id\":\"https:\/\/esbartciutatcomtal.cat\/#logo\"}},{\"@type\":\"WebSite\",\"@id\":\"https:\/\/esbartciutatcomtal.cat\/#website\",\"url\":\"https:\/\/esbartciutatcomtal.cat\/\",\"name\":\"Esbart Ciutat Comtal\",\"description\":\"\",\"publisher\":{\"@id\":\"https:\/\/esbartciutatcomtal.cat\/#organization\"},\"potentialAction\":[{\"@type\":\"SearchAction\",\"target\":{\"@type\":\"EntryPoint\",\"urlTemplate\":\"https:\/\/esbartciutatcomtal.cat\/?s={search_term_string}\"},\"query-input\":\"required name=search_term_string\"}],\"inLanguage\":\"ca\"},{\"@type\":\"ImageObject\",\"@id\":\"https:\/\/esbartciutatcomtal.cat\/index.php\/noticies\/acrostic-gira\/#primaryimage\",\"inLanguage\":\"ca\",\"url\":\"https:\/\/esbartciutatcomtal.cat\/wp-content\/uploads\/2017\/01\/IMG-20161024-WA0045.jpg\",\"contentUrl\":\"https:\/\/esbartciutatcomtal.cat\/wp-content\/uploads\/2017\/01\/IMG-20161024-WA0045.jpg\",\"width\":1290,\"height\":860},{\"@type\":\"WebPage\",\"@id\":\"https:\/\/esbartciutatcomtal.cat\/index.php\/noticies\/acrostic-gira\/#webpage\",\"url\":\"https:\/\/esbartciutatcomtal.cat\/index.php\/noticies\/acrostic-gira\/\",\"name\":\"Acr\\u00f2stic Gira\",\"isPartOf\":{\"@id\":\"https:\/\/esbartciutatcomtal.cat\/#website\"},\"primaryImageOfPage\":{\"@id\":\"https:\/\/esbartciutatcomtal.cat\/index.php\/noticies\/acrostic-gira\/#primaryimage\"},\"datePublished\":\"2017-01-02T12:26:32+00:00\",\"dateModified\":\"2017-01-02T12:27:50+00:00\",\"description\":\"Aquest 2017 tindreu les agendes ben plenes d'Esbart. Ja tenim les dues primeres actuacions d'Acr\\u00f2stic gira confirmades.\",\"breadcrumb\":{\"@id\":\"https:\/\/esbartciutatcomtal.cat\/index.php\/noticies\/acrostic-gira\/#breadcrumb\"},\"inLanguage\":\"ca\",\"potentialAction\":[{\"@type\":\"ReadAction\",\"target\":[\"https:\/\/esbartciutatcomtal.cat\/index.php\/noticies\/acrostic-gira\/\"]}]},{\"@type\":\"BreadcrumbList\",\"@id\":\"https:\/\/esbartciutatcomtal.cat\/index.php\/noticies\/acrostic-gira\/#breadcrumb\",\"itemListElement\":[{\"@type\":\"ListItem\",\"position\":1,\"name\":\"Inici\",\"item\":\"https:\/\/esbartciutatcomtal.cat\/\"},{\"@type\":\"ListItem\",\"position\":2,\"name\":\"#Acr\\u00f2sticontour &#8211; Sortim de gira!\"}]},{\"@type\":\"Article\",\"@id\":\"https:\/\/esbartciutatcomtal.cat\/index.php\/noticies\/acrostic-gira\/#article\",\"isPartOf\":{\"@id\":\"https:\/\/esbartciutatcomtal.cat\/index.php\/noticies\/acrostic-gira\/#webpage\"},\"author\":{\"@id\":\"https:\/\/esbartciutatcomtal.cat\/#\/schema\/person\/cdbd8ada4cf668e28900783ee376c7f2\"},\"headline\":\"#Acr\\u00f2sticontour &#8211; Sortim de gira!\",\"datePublished\":\"2017-01-02T12:26:32+00:00\",\"dateModified\":\"2017-01-02T12:27:50+00:00\",\"mainEntityOfPage\":{\"@id\":\"https:\/\/esbartciutatcomtal.cat\/index.php\/noticies\/acrostic-gira\/#webpage\"},\"wordCount\":90,\"commentCount\":0,\"publisher\":{\"@id\":\"https:\/\/esbartciutatcomtal.cat\/#organization\"},\"image\":{\"@id\":\"https:\/\/esbartciutatcomtal.cat\/index.php\/noticies\/acrostic-gira\/#primaryimage\"},\"thumbnailUrl\":\"https:\/\/esbartciutatcomtal.cat\/wp-content\/uploads\/2017\/01\/IMG-20161024-WA0045.jpg\",\"articleSection\":[\"Not\\u00edcies\"],\"inLanguage\":\"ca\",\"potentialAction\":[{\"@type\":\"CommentAction\",\"name\":\"Comment\",\"target\":[\"https:\/\/esbartciutatcomtal.cat\/index.php\/noticies\/acrostic-gira\/#respond\"]}]},{\"@type\":\"Person\",\"@id\":\"https:\/\/esbartciutatcomtal.cat\/#\/schema\/person\/cdbd8ada4cf668e28900783ee376c7f2\",\"name\":\"admin\",\"image\":{\"@type\":\"ImageObject\",\"@id\":\"https:\/\/esbartciutatcomtal.cat\/#personlogo\",\"inLanguage\":\"ca\",\"url\":\"https:\/\/secure.gravatar.com\/avatar\/6187d29af38f2d80cec22c004e9b5297?s=96&d=mm&r=g\",\"contentUrl\":\"https:\/\/secure.gravatar.com\/avatar\/6187d29af38f2d80cec22c004e9b5297?s=96&d=mm&r=g\",\"caption\":\"admin\"}}]}<\/script>\n<!-- \/ Yoast SEO plugin. -->","yoast_head_json":{"title":"Acr\u00f2stic Gira","description":"Aquest 2017 tindreu les agendes ben plenes d'Esbart. Ja tenim les dues primeres actuacions d'Acr\u00f2stic gira confirmades.","robots":{"index":"index","follow":"follow","max-snippet":"max-snippet:-1","max-image-preview":"max-image-preview:large","max-video-preview":"max-video-preview:-1"},"canonical":"https:\/\/esbartciutatcomtal.cat\/index.php\/noticies\/acrostic-gira\/","og_locale":"ca_ES","og_type":"article","og_title":"Acr\u00f2stic Gira","og_description":"Aquest 2017 tindreu les agendes ben plenes d'Esbart. Ja tenim les dues primeres actuacions d'Acr\u00f2stic gira confirmades.","og_url":"https:\/\/esbartciutatcomtal.cat\/index.php\/noticies\/acrostic-gira\/","og_site_name":"Esbart Ciutat Comtal","article_publisher":"https:\/\/www.facebook.com\/esbartciutatcomtal\/","article_published_time":"2017-01-02T12:26:32+00:00","article_modified_time":"2017-01-02T12:27:50+00:00","og_image":[{"width":1290,"height":860,"url":"https:\/\/esbartciutatcomtal.cat\/wp-content\/uploads\/2017\/01\/IMG-20161024-WA0045.jpg","type":"image\/jpeg"}],"twitter_card":"summary","twitter_creator":"@esbartciutatcom","twitter_site":"@esbartciutatcom","twitter_misc":{"Escrit per":"admin"},"schema":{"@context":"https:\/\/schema.org","@graph":[{"@type":"Organization","@id":"https:\/\/esbartciutatcomtal.cat\/#organization","name":"Esbart Ciutat Comtal","url":"https:\/\/esbartciutatcomtal.cat\/","sameAs":["https:\/\/www.facebook.com\/esbartciutatcomtal\/","https:\/\/www.instagram.com\/esbartciutatcom\/","https:\/\/www.youtube.com\/user\/eciutatcomtal","https:\/\/twitter.com\/esbartciutatcom"],"logo":{"@type":"ImageObject","@id":"https:\/\/esbartciutatcomtal.cat\/#logo","inLanguage":"ca","url":"https:\/\/esbartciutatcomtal.cat\/wp-content\/uploads\/2015\/05\/ECClogo.png","contentUrl":"https:\/\/esbartciutatcomtal.cat\/wp-content\/uploads\/2015\/05\/ECClogo.png","width":300,"height":125,"caption":"Esbart Ciutat Comtal"},"image":{"@id":"https:\/\/esbartciutatcomtal.cat\/#logo"}},{"@type":"WebSite","@id":"https:\/\/esbartciutatcomtal.cat\/#website","url":"https:\/\/esbartciutatcomtal.cat\/","name":"Esbart Ciutat Comtal","description":"","publisher":{"@id":"https:\/\/esbartciutatcomtal.cat\/#organization"},"potentialAction":[{"@type":"SearchAction","target":{"@type":"EntryPoint","urlTemplate":"https:\/\/esbartciutatcomtal.cat\/?s={search_term_string}"},"query-input":"required name=search_term_string"}],"inLanguage":"ca"},{"@type":"ImageObject","@id":"https:\/\/esbartciutatcomtal.cat\/index.php\/noticies\/acrostic-gira\/#primaryimage","inLanguage":"ca","url":"https:\/\/esbartciutatcomtal.cat\/wp-content\/uploads\/2017\/01\/IMG-20161024-WA0045.jpg","contentUrl":"https:\/\/esbartciutatcomtal.cat\/wp-content\/uploads\/2017\/01\/IMG-20161024-WA0045.jpg","width":1290,"height":860},{"@type":"WebPage","@id":"https:\/\/esbartciutatcomtal.cat\/index.php\/noticies\/acrostic-gira\/#webpage","url":"https:\/\/esbartciutatcomtal.cat\/index.php\/noticies\/acrostic-gira\/","name":"Acr\u00f2stic Gira","isPartOf":{"@id":"https:\/\/esbartciutatcomtal.cat\/#website"},"primaryImageOfPage":{"@id":"https:\/\/esbartciutatcomtal.cat\/index.php\/noticies\/acrostic-gira\/#primaryimage"},"datePublished":"2017-01-02T12:26:32+00:00","dateModified":"2017-01-02T12:27:50+00:00","description":"Aquest 2017 tindreu les agendes ben plenes d'Esbart. Ja tenim les dues primeres actuacions d'Acr\u00f2stic gira confirmades.","breadcrumb":{"@id":"https:\/\/esbartciutatcomtal.cat\/index.php\/noticies\/acrostic-gira\/#breadcrumb"},"inLanguage":"ca","potentialAction":[{"@type":"ReadAction","target":["https:\/\/esbartciutatcomtal.cat\/index.php\/noticies\/acrostic-gira\/"]}]},{"@type":"BreadcrumbList","@id":"https:\/\/esbartciutatcomtal.cat\/index.php\/noticies\/acrostic-gira\/#breadcrumb","itemListElement":[{"@type":"ListItem","position":1,"name":"Inici","item":"https:\/\/esbartciutatcomtal.cat\/"},{"@type":"ListItem","position":2,"name":"#Acr\u00f2sticontour &#8211; Sortim de gira!"}]},{"@type":"Article","@id":"https:\/\/esbartciutatcomtal.cat\/index.php\/noticies\/acrostic-gira\/#article","isPartOf":{"@id":"https:\/\/esbartciutatcomtal.cat\/index.php\/noticies\/acrostic-gira\/#webpage"},"author":{"@id":"https:\/\/esbartciutatcomtal.cat\/#\/schema\/person\/cdbd8ada4cf668e28900783ee376c7f2"},"headline":"#Acr\u00f2sticontour &#8211; Sortim de gira!","datePublished":"2017-01-02T12:26:32+00:00","dateModified":"2017-01-02T12:27:50+00:00","mainEntityOfPage":{"@id":"https:\/\/esbartciutatcomtal.cat\/index.php\/noticies\/acrostic-gira\/#webpage"},"wordCount":90,"commentCount":0,"publisher":{"@id":"https:\/\/esbartciutatcomtal.cat\/#organization"},"image":{"@id":"https:\/\/esbartciutatcomtal.cat\/index.php\/noticies\/acrostic-gira\/#primaryimage"},"thumbnailUrl":"https:\/\/esbartciutatcomtal.cat\/wp-content\/uploads\/2017\/01\/IMG-20161024-WA0045.jpg","articleSection":["Not\u00edcies"],"inLanguage":"ca","potentialAction":[{"@type":"CommentAction","name":"Comment","target":["https:\/\/esbartciutatcomtal.cat\/index.php\/noticies\/acrostic-gira\/#respond"]}]},{"@type":"Person","@id":"https:\/\/esbartciutatcomtal.cat\/#\/schema\/person\/cdbd8ada4cf668e28900783ee376c7f2","name":"admin","image":{"@type":"ImageObject","@id":"https:\/\/esbartciutatcomtal.cat\/#personlogo","inLanguage":"ca","url":"https:\/\/secure.gravatar.com\/avatar\/6187d29af38f2d80cec22c004e9b5297?s=96&d=mm&r=g","contentUrl":"https:\/\/secure.gravatar.com\/avatar\/6187d29af38f2d80cec22c004e9b5297?s=96&d=mm&r=g","caption":"admin"}}]}},"_links":{"self":[{"href":"https:\/\/esbartciutatcomtal.cat\/index.php\/wp-json\/wp\/v2\/posts\/1193"}],"collection":[{"href":"https:\/\/esbartciutatcomtal.cat\/index.php\/wp-json\/wp\/v2\/posts"}],"about":[{"href":"https:\/\/esbartciutatcomtal.cat\/index.php\/wp-json\/wp\/v2\/types\/post"}],"author":[{"embeddable":true,"href":"https:\/\/esbartciutatcomtal.cat\/index.php\/wp-json\/wp\/v2\/users\/1"}],"replies":[{"embeddable":true,"href":"https:\/\/esbartciutatcomtal.cat\/index.php\/wp-json\/wp\/v2\/comments?post=1193"}],"version-history":[{"count":4,"href":"https:\/\/esbartciutatcomtal.cat\/index.php\/wp-json\/wp\/v2\/posts\/1193\/revisions"}],"predecessor-version":[{"id":1198,"href":"https:\/\/esbartciutatcomtal.cat\/index.php\/wp-json\/wp\/v2\/posts\/1193\/revisions\/1198"}],"wp:featuredmedia":[{"embeddable":true,"href":"https:\/\/esbartciutatcomtal.cat\/index.php\/wp-json\/wp\/v2\/media\/1191"}],"wp:attachment":[{"href":"https:\/\/esbartciutatcomtal.cat\/index.php\/wp-json\/wp\/v2\/media?parent=1193"}],"wp:term":[{"taxonomy":"category","embeddable":true,"href":"https:\/\/esbartciutatcomtal.cat\/index.php\/wp-json\/wp\/v2\/categories?post=1193"},{"taxonomy":"post_tag","embeddable":true,"href":"https:\/\/esbartciutatcomtal.cat\/index.php\/wp-json\/wp\/v2\/tags?post=1193"}],"curies":[{"name":"wp","href":"https:\/\/api.w.org\/{rel}","templated":true}]}}