{"id":1243,"date":"2017-03-20T11:56:22","date_gmt":"2017-03-20T10:56:22","guid":{"rendered":"http:\/\/esbartciutatcomtal.cat\/?p=1243"},"modified":"2017-03-20T12:11:32","modified_gmt":"2017-03-20T11:11:32","slug":"canvi-direccio-artistica-lesbart-ciutat-comtal","status":"publish","type":"post","link":"https:\/\/esbartciutatcomtal.cat\/index.php\/noticies\/canvi-direccio-artistica-lesbart-ciutat-comtal\/","title":{"rendered":"Canvi en la direcci\u00f3 art\u00edstica de l&#8217;Esbart Ciutat Comtal"},"content":{"rendered":"<p>Despr\u00e9s de quasi quatre d\u00e8cades al capdavant de l\u2019Esbart en Llu\u00eds Calduch Ramos deixa el seu c\u00e0rrec de director art\u00edstic de l\u2019entitat. La seva traject\u00f2ria a l\u2019Esbart ha estat plena de treball rigor\u00f3s i una enorme satisfacci\u00f3 pels resultats obtinguts: 12 espectacles i gaireb\u00e9 80 coreografies creades per a qu\u00e8 l\u2019Esbart balli per\u00f2, sobretot, el que ens ha aportat \u00e9s una manera de treballar que ha esdevingut l&#8217;ess\u00e8ncia de la nostra entitat.<\/p>\n<p>La direcci\u00f3 recau, a partir d\u2019aquest 2017, en mans de la Teresa Agust\u00ed, dansaire de l\u2019Esbart i en els \u00faltims 5 anys directora del cos de dansa. Acr\u00f2stic, el nostre \u00faltim espectacle ja ha estat dirigit per ella conjuntament amb el Llu\u00eds Calduch. Aquest espectacle tamb\u00e9 ha perm\u00e8s mostrar la faceta com a core\u00f2grafa, amb la creaci\u00f3 de diverses danses.<\/p>\n<p>Des de l\u2019Esbart nom\u00e9s podem expressar el nostre agra\u00efment per tot el que el Llu\u00eds ens ha aportat i recalcar que seguirem comptant amb la seva col\u00b7laboraci\u00f3 com a membre de la Junta, assessor art\u00edstic i director de l\u2019Eul\u00e0lia.<\/p>\n<p>Us convidem a tots i totes&nbsp;a acompanyar-nos en aquest nou cam\u00ed.<\/p>\n","protected":false},"excerpt":{"rendered":"<p>Despr\u00e9s de quasi quatre d\u00e8cades al capdavant de l\u2019Esbart en Llu\u00eds Calduch Ramos deixa el seu c\u00e0rrec de director art\u00edstic de l\u2019entitat. La seva traject\u00f2ria a l\u2019Esbart ha estat plena de treball rigor\u00f3s i una enorme satisfacci\u00f3 pels resultats obtinguts: 12 espectacles i gaireb\u00e9 80 coreografies creades per a qu\u00e8 l\u2019Esbart balli per\u00f2, sobretot, el [&hellip;]<\/p>\n","protected":false},"author":1,"featured_media":1244,"comment_status":"open","ping_status":"open","sticky":false,"template":"","format":"standard","meta":{"ngg_post_thumbnail":0},"categories":[14],"tags":[],"yoast_head":"<!-- This site is optimized with the Yoast SEO plugin v17.6 - https:\/\/yoast.com\/wordpress\/plugins\/seo\/ -->\n<title>Canvi en la direcci\u00f3 art\u00edstica de l&#039;Esbart Ciutat Comtal - Esbart Ciutat Comtal<\/title>\n<meta name=\"robots\" content=\"index, follow, max-snippet:-1, max-image-preview:large, max-video-preview:-1\" \/>\n<link rel=\"canonical\" href=\"https:\/\/esbartciutatcomtal.cat\/index.php\/noticies\/canvi-direccio-artistica-lesbart-ciutat-comtal\/\" \/>\n<meta property=\"og:locale\" content=\"ca_ES\" \/>\n<meta property=\"og:type\" content=\"article\" \/>\n<meta property=\"og:title\" content=\"Canvi en la direcci\u00f3 art\u00edstica de l&#039;Esbart Ciutat Comtal - Esbart Ciutat Comtal\" \/>\n<meta property=\"og:description\" content=\"Despr\u00e9s de quasi quatre d\u00e8cades al capdavant de l\u2019Esbart en Llu\u00eds Calduch Ramos deixa el seu c\u00e0rrec de director art\u00edstic de l\u2019entitat. La seva traject\u00f2ria a l\u2019Esbart ha estat plena de treball rigor\u00f3s i una enorme satisfacci\u00f3 pels resultats obtinguts: 12 espectacles i gaireb\u00e9 80 coreografies creades per a qu\u00e8 l\u2019Esbart balli per\u00f2, sobretot, el [&hellip;]\" \/>\n<meta property=\"og:url\" content=\"https:\/\/esbartciutatcomtal.cat\/index.php\/noticies\/canvi-direccio-artistica-lesbart-ciutat-comtal\/\" \/>\n<meta property=\"og:site_name\" content=\"Esbart Ciutat Comtal\" \/>\n<meta property=\"article:publisher\" content=\"https:\/\/www.facebook.com\/esbartciutatcomtal\/\" \/>\n<meta property=\"article:published_time\" content=\"2017-03-20T10:56:22+00:00\" \/>\n<meta property=\"article:modified_time\" content=\"2017-03-20T11:11:32+00:00\" \/>\n<meta property=\"og:image\" content=\"https:\/\/esbartciutatcomtal.cat\/wp-content\/uploads\/2017\/03\/acrOstic_x_fernandoprats-1747.jpg\" \/>\n\t<meta property=\"og:image:width\" content=\"1500\" \/>\n\t<meta property=\"og:image:height\" content=\"1200\" \/>\n<meta name=\"twitter:card\" content=\"summary\" \/>\n<meta name=\"twitter:creator\" content=\"@esbartciutatcom\" \/>\n<meta name=\"twitter:site\" content=\"@esbartciutatcom\" \/>\n<meta name=\"twitter:label1\" content=\"Escrit per\" \/>\n\t<meta name=\"twitter:data1\" content=\"admin\" \/>\n\t<meta name=\"twitter:label2\" content=\"Temps estimat de lectura\" \/>\n\t<meta name=\"twitter:data2\" content=\"1 minut\" \/>\n<script type=\"application\/ld+json\" class=\"yoast-schema-graph\">{\"@context\":\"https:\/\/schema.org\",\"@graph\":[{\"@type\":\"Organization\",\"@id\":\"https:\/\/esbartciutatcomtal.cat\/#organization\",\"name\":\"Esbart Ciutat Comtal\",\"url\":\"https:\/\/esbartciutatcomtal.cat\/\",\"sameAs\":[\"https:\/\/www.facebook.com\/esbartciutatcomtal\/\",\"https:\/\/www.instagram.com\/esbartciutatcom\/\",\"https:\/\/www.youtube.com\/user\/eciutatcomtal\",\"https:\/\/twitter.com\/esbartciutatcom\"],\"logo\":{\"@type\":\"ImageObject\",\"@id\":\"https:\/\/esbartciutatcomtal.cat\/#logo\",\"inLanguage\":\"ca\",\"url\":\"https:\/\/esbartciutatcomtal.cat\/wp-content\/uploads\/2015\/05\/ECClogo.png\",\"contentUrl\":\"https:\/\/esbartciutatcomtal.cat\/wp-content\/uploads\/2015\/05\/ECClogo.png\",\"width\":300,\"height\":125,\"caption\":\"Esbart Ciutat Comtal\"},\"image\":{\"@id\":\"https:\/\/esbartciutatcomtal.cat\/#logo\"}},{\"@type\":\"WebSite\",\"@id\":\"https:\/\/esbartciutatcomtal.cat\/#website\",\"url\":\"https:\/\/esbartciutatcomtal.cat\/\",\"name\":\"Esbart Ciutat Comtal\",\"description\":\"\",\"publisher\":{\"@id\":\"https:\/\/esbartciutatcomtal.cat\/#organization\"},\"potentialAction\":[{\"@type\":\"SearchAction\",\"target\":{\"@type\":\"EntryPoint\",\"urlTemplate\":\"https:\/\/esbartciutatcomtal.cat\/?s={search_term_string}\"},\"query-input\":\"required name=search_term_string\"}],\"inLanguage\":\"ca\"},{\"@type\":\"ImageObject\",\"@id\":\"https:\/\/esbartciutatcomtal.cat\/index.php\/noticies\/canvi-direccio-artistica-lesbart-ciutat-comtal\/#primaryimage\",\"inLanguage\":\"ca\",\"url\":\"https:\/\/esbartciutatcomtal.cat\/wp-content\/uploads\/2017\/03\/acrOstic_x_fernandoprats-1747.jpg\",\"contentUrl\":\"https:\/\/esbartciutatcomtal.cat\/wp-content\/uploads\/2017\/03\/acrOstic_x_fernandoprats-1747.jpg\",\"width\":1500,\"height\":1200},{\"@type\":\"WebPage\",\"@id\":\"https:\/\/esbartciutatcomtal.cat\/index.php\/noticies\/canvi-direccio-artistica-lesbart-ciutat-comtal\/#webpage\",\"url\":\"https:\/\/esbartciutatcomtal.cat\/index.php\/noticies\/canvi-direccio-artistica-lesbart-ciutat-comtal\/\",\"name\":\"Canvi en la direcci\\u00f3 art\\u00edstica de l'Esbart Ciutat Comtal - Esbart Ciutat Comtal\",\"isPartOf\":{\"@id\":\"https:\/\/esbartciutatcomtal.cat\/#website\"},\"primaryImageOfPage\":{\"@id\":\"https:\/\/esbartciutatcomtal.cat\/index.php\/noticies\/canvi-direccio-artistica-lesbart-ciutat-comtal\/#primaryimage\"},\"datePublished\":\"2017-03-20T10:56:22+00:00\",\"dateModified\":\"2017-03-20T11:11:32+00:00\",\"breadcrumb\":{\"@id\":\"https:\/\/esbartciutatcomtal.cat\/index.php\/noticies\/canvi-direccio-artistica-lesbart-ciutat-comtal\/#breadcrumb\"},\"inLanguage\":\"ca\",\"potentialAction\":[{\"@type\":\"ReadAction\",\"target\":[\"https:\/\/esbartciutatcomtal.cat\/index.php\/noticies\/canvi-direccio-artistica-lesbart-ciutat-comtal\/\"]}]},{\"@type\":\"BreadcrumbList\",\"@id\":\"https:\/\/esbartciutatcomtal.cat\/index.php\/noticies\/canvi-direccio-artistica-lesbart-ciutat-comtal\/#breadcrumb\",\"itemListElement\":[{\"@type\":\"ListItem\",\"position\":1,\"name\":\"Inici\",\"item\":\"https:\/\/esbartciutatcomtal.cat\/\"},{\"@type\":\"ListItem\",\"position\":2,\"name\":\"Canvi en la direcci\\u00f3 art\\u00edstica de l&#8217;Esbart Ciutat Comtal\"}]},{\"@type\":\"Article\",\"@id\":\"https:\/\/esbartciutatcomtal.cat\/index.php\/noticies\/canvi-direccio-artistica-lesbart-ciutat-comtal\/#article\",\"isPartOf\":{\"@id\":\"https:\/\/esbartciutatcomtal.cat\/index.php\/noticies\/canvi-direccio-artistica-lesbart-ciutat-comtal\/#webpage\"},\"author\":{\"@id\":\"https:\/\/esbartciutatcomtal.cat\/#\/schema\/person\/cdbd8ada4cf668e28900783ee376c7f2\"},\"headline\":\"Canvi en la direcci\\u00f3 art\\u00edstica de l&#8217;Esbart Ciutat Comtal\",\"datePublished\":\"2017-03-20T10:56:22+00:00\",\"dateModified\":\"2017-03-20T11:11:32+00:00\",\"mainEntityOfPage\":{\"@id\":\"https:\/\/esbartciutatcomtal.cat\/index.php\/noticies\/canvi-direccio-artistica-lesbart-ciutat-comtal\/#webpage\"},\"wordCount\":216,\"commentCount\":0,\"publisher\":{\"@id\":\"https:\/\/esbartciutatcomtal.cat\/#organization\"},\"image\":{\"@id\":\"https:\/\/esbartciutatcomtal.cat\/index.php\/noticies\/canvi-direccio-artistica-lesbart-ciutat-comtal\/#primaryimage\"},\"thumbnailUrl\":\"https:\/\/esbartciutatcomtal.cat\/wp-content\/uploads\/2017\/03\/acrOstic_x_fernandoprats-1747.jpg\",\"articleSection\":[\"Not\\u00edcies\"],\"inLanguage\":\"ca\",\"potentialAction\":[{\"@type\":\"CommentAction\",\"name\":\"Comment\",\"target\":[\"https:\/\/esbartciutatcomtal.cat\/index.php\/noticies\/canvi-direccio-artistica-lesbart-ciutat-comtal\/#respond\"]}]},{\"@type\":\"Person\",\"@id\":\"https:\/\/esbartciutatcomtal.cat\/#\/schema\/person\/cdbd8ada4cf668e28900783ee376c7f2\",\"name\":\"admin\",\"image\":{\"@type\":\"ImageObject\",\"@id\":\"https:\/\/esbartciutatcomtal.cat\/#personlogo\",\"inLanguage\":\"ca\",\"url\":\"https:\/\/secure.gravatar.com\/avatar\/6187d29af38f2d80cec22c004e9b5297?s=96&d=mm&r=g\",\"contentUrl\":\"https:\/\/secure.gravatar.com\/avatar\/6187d29af38f2d80cec22c004e9b5297?s=96&d=mm&r=g\",\"caption\":\"admin\"}}]}<\/script>\n<!-- \/ Yoast SEO plugin. -->","yoast_head_json":{"title":"Canvi en la direcci\u00f3 art\u00edstica de l'Esbart Ciutat Comtal - Esbart Ciutat Comtal","robots":{"index":"index","follow":"follow","max-snippet":"max-snippet:-1","max-image-preview":"max-image-preview:large","max-video-preview":"max-video-preview:-1"},"canonical":"https:\/\/esbartciutatcomtal.cat\/index.php\/noticies\/canvi-direccio-artistica-lesbart-ciutat-comtal\/","og_locale":"ca_ES","og_type":"article","og_title":"Canvi en la direcci\u00f3 art\u00edstica de l'Esbart Ciutat Comtal - Esbart Ciutat Comtal","og_description":"Despr\u00e9s de quasi quatre d\u00e8cades al capdavant de l\u2019Esbart en Llu\u00eds Calduch Ramos deixa el seu c\u00e0rrec de director art\u00edstic de l\u2019entitat. La seva traject\u00f2ria a l\u2019Esbart ha estat plena de treball rigor\u00f3s i una enorme satisfacci\u00f3 pels resultats obtinguts: 12 espectacles i gaireb\u00e9 80 coreografies creades per a qu\u00e8 l\u2019Esbart balli per\u00f2, sobretot, el [&hellip;]","og_url":"https:\/\/esbartciutatcomtal.cat\/index.php\/noticies\/canvi-direccio-artistica-lesbart-ciutat-comtal\/","og_site_name":"Esbart Ciutat Comtal","article_publisher":"https:\/\/www.facebook.com\/esbartciutatcomtal\/","article_published_time":"2017-03-20T10:56:22+00:00","article_modified_time":"2017-03-20T11:11:32+00:00","og_image":[{"width":1500,"height":1200,"url":"https:\/\/esbartciutatcomtal.cat\/wp-content\/uploads\/2017\/03\/acrOstic_x_fernandoprats-1747.jpg","type":"image\/jpeg"}],"twitter_card":"summary","twitter_creator":"@esbartciutatcom","twitter_site":"@esbartciutatcom","twitter_misc":{"Escrit per":"admin","Temps estimat de lectura":"1 minut"},"schema":{"@context":"https:\/\/schema.org","@graph":[{"@type":"Organization","@id":"https:\/\/esbartciutatcomtal.cat\/#organization","name":"Esbart Ciutat Comtal","url":"https:\/\/esbartciutatcomtal.cat\/","sameAs":["https:\/\/www.facebook.com\/esbartciutatcomtal\/","https:\/\/www.instagram.com\/esbartciutatcom\/","https:\/\/www.youtube.com\/user\/eciutatcomtal","https:\/\/twitter.com\/esbartciutatcom"],"logo":{"@type":"ImageObject","@id":"https:\/\/esbartciutatcomtal.cat\/#logo","inLanguage":"ca","url":"https:\/\/esbartciutatcomtal.cat\/wp-content\/uploads\/2015\/05\/ECClogo.png","contentUrl":"https:\/\/esbartciutatcomtal.cat\/wp-content\/uploads\/2015\/05\/ECClogo.png","width":300,"height":125,"caption":"Esbart Ciutat Comtal"},"image":{"@id":"https:\/\/esbartciutatcomtal.cat\/#logo"}},{"@type":"WebSite","@id":"https:\/\/esbartciutatcomtal.cat\/#website","url":"https:\/\/esbartciutatcomtal.cat\/","name":"Esbart Ciutat Comtal","description":"","publisher":{"@id":"https:\/\/esbartciutatcomtal.cat\/#organization"},"potentialAction":[{"@type":"SearchAction","target":{"@type":"EntryPoint","urlTemplate":"https:\/\/esbartciutatcomtal.cat\/?s={search_term_string}"},"query-input":"required name=search_term_string"}],"inLanguage":"ca"},{"@type":"ImageObject","@id":"https:\/\/esbartciutatcomtal.cat\/index.php\/noticies\/canvi-direccio-artistica-lesbart-ciutat-comtal\/#primaryimage","inLanguage":"ca","url":"https:\/\/esbartciutatcomtal.cat\/wp-content\/uploads\/2017\/03\/acrOstic_x_fernandoprats-1747.jpg","contentUrl":"https:\/\/esbartciutatcomtal.cat\/wp-content\/uploads\/2017\/03\/acrOstic_x_fernandoprats-1747.jpg","width":1500,"height":1200},{"@type":"WebPage","@id":"https:\/\/esbartciutatcomtal.cat\/index.php\/noticies\/canvi-direccio-artistica-lesbart-ciutat-comtal\/#webpage","url":"https:\/\/esbartciutatcomtal.cat\/index.php\/noticies\/canvi-direccio-artistica-lesbart-ciutat-comtal\/","name":"Canvi en la direcci\u00f3 art\u00edstica de l'Esbart Ciutat Comtal - Esbart Ciutat Comtal","isPartOf":{"@id":"https:\/\/esbartciutatcomtal.cat\/#website"},"primaryImageOfPage":{"@id":"https:\/\/esbartciutatcomtal.cat\/index.php\/noticies\/canvi-direccio-artistica-lesbart-ciutat-comtal\/#primaryimage"},"datePublished":"2017-03-20T10:56:22+00:00","dateModified":"2017-03-20T11:11:32+00:00","breadcrumb":{"@id":"https:\/\/esbartciutatcomtal.cat\/index.php\/noticies\/canvi-direccio-artistica-lesbart-ciutat-comtal\/#breadcrumb"},"inLanguage":"ca","potentialAction":[{"@type":"ReadAction","target":["https:\/\/esbartciutatcomtal.cat\/index.php\/noticies\/canvi-direccio-artistica-lesbart-ciutat-comtal\/"]}]},{"@type":"BreadcrumbList","@id":"https:\/\/esbartciutatcomtal.cat\/index.php\/noticies\/canvi-direccio-artistica-lesbart-ciutat-comtal\/#breadcrumb","itemListElement":[{"@type":"ListItem","position":1,"name":"Inici","item":"https:\/\/esbartciutatcomtal.cat\/"},{"@type":"ListItem","position":2,"name":"Canvi en la direcci\u00f3 art\u00edstica de l&#8217;Esbart Ciutat Comtal"}]},{"@type":"Article","@id":"https:\/\/esbartciutatcomtal.cat\/index.php\/noticies\/canvi-direccio-artistica-lesbart-ciutat-comtal\/#article","isPartOf":{"@id":"https:\/\/esbartciutatcomtal.cat\/index.php\/noticies\/canvi-direccio-artistica-lesbart-ciutat-comtal\/#webpage"},"author":{"@id":"https:\/\/esbartciutatcomtal.cat\/#\/schema\/person\/cdbd8ada4cf668e28900783ee376c7f2"},"headline":"Canvi en la direcci\u00f3 art\u00edstica de l&#8217;Esbart Ciutat Comtal","datePublished":"2017-03-20T10:56:22+00:00","dateModified":"2017-03-20T11:11:32+00:00","mainEntityOfPage":{"@id":"https:\/\/esbartciutatcomtal.cat\/index.php\/noticies\/canvi-direccio-artistica-lesbart-ciutat-comtal\/#webpage"},"wordCount":216,"commentCount":0,"publisher":{"@id":"https:\/\/esbartciutatcomtal.cat\/#organization"},"image":{"@id":"https:\/\/esbartciutatcomtal.cat\/index.php\/noticies\/canvi-direccio-artistica-lesbart-ciutat-comtal\/#primaryimage"},"thumbnailUrl":"https:\/\/esbartciutatcomtal.cat\/wp-content\/uploads\/2017\/03\/acrOstic_x_fernandoprats-1747.jpg","articleSection":["Not\u00edcies"],"inLanguage":"ca","potentialAction":[{"@type":"CommentAction","name":"Comment","target":["https:\/\/esbartciutatcomtal.cat\/index.php\/noticies\/canvi-direccio-artistica-lesbart-ciutat-comtal\/#respond"]}]},{"@type":"Person","@id":"https:\/\/esbartciutatcomtal.cat\/#\/schema\/person\/cdbd8ada4cf668e28900783ee376c7f2","name":"admin","image":{"@type":"ImageObject","@id":"https:\/\/esbartciutatcomtal.cat\/#personlogo","inLanguage":"ca","url":"https:\/\/secure.gravatar.com\/avatar\/6187d29af38f2d80cec22c004e9b5297?s=96&d=mm&r=g","contentUrl":"https:\/\/secure.gravatar.com\/avatar\/6187d29af38f2d80cec22c004e9b5297?s=96&d=mm&r=g","caption":"admin"}}]}},"_links":{"self":[{"href":"https:\/\/esbartciutatcomtal.cat\/index.php\/wp-json\/wp\/v2\/posts\/1243"}],"collection":[{"href":"https:\/\/esbartciutatcomtal.cat\/index.php\/wp-json\/wp\/v2\/posts"}],"about":[{"href":"https:\/\/esbartciutatcomtal.cat\/index.php\/wp-json\/wp\/v2\/types\/post"}],"author":[{"embeddable":true,"href":"https:\/\/esbartciutatcomtal.cat\/index.php\/wp-json\/wp\/v2\/users\/1"}],"replies":[{"embeddable":true,"href":"https:\/\/esbartciutatcomtal.cat\/index.php\/wp-json\/wp\/v2\/comments?post=1243"}],"version-history":[{"count":2,"href":"https:\/\/esbartciutatcomtal.cat\/index.php\/wp-json\/wp\/v2\/posts\/1243\/revisions"}],"predecessor-version":[{"id":1246,"href":"https:\/\/esbartciutatcomtal.cat\/index.php\/wp-json\/wp\/v2\/posts\/1243\/revisions\/1246"}],"wp:featuredmedia":[{"embeddable":true,"href":"https:\/\/esbartciutatcomtal.cat\/index.php\/wp-json\/wp\/v2\/media\/1244"}],"wp:attachment":[{"href":"https:\/\/esbartciutatcomtal.cat\/index.php\/wp-json\/wp\/v2\/media?parent=1243"}],"wp:term":[{"taxonomy":"category","embeddable":true,"href":"https:\/\/esbartciutatcomtal.cat\/index.php\/wp-json\/wp\/v2\/categories?post=1243"},{"taxonomy":"post_tag","embeddable":true,"href":"https:\/\/esbartciutatcomtal.cat\/index.php\/wp-json\/wp\/v2\/tags?post=1243"}],"curies":[{"name":"wp","href":"https:\/\/api.w.org\/{rel}","templated":true}]}}