{"id":1262,"date":"2017-04-21T13:20:24","date_gmt":"2017-04-21T11:20:24","guid":{"rendered":"http:\/\/esbartciutatcomtal.cat\/?p=1262"},"modified":"2017-04-21T13:20:24","modified_gmt":"2017-04-21T11:20:24","slug":"8e-taller-dansa-catalana-xarxa-comunitats-catalanes-lexterior-con-sud-damerica-casal-catala-montevideo","status":"publish","type":"post","link":"https:\/\/esbartciutatcomtal.cat\/index.php\/noticies\/8e-taller-dansa-catalana-xarxa-comunitats-catalanes-lexterior-con-sud-damerica-casal-catala-montevideo\/","title":{"rendered":"8\u00e8 \u201cTaller de dansa catalana&#8221; de la Xarxa de Comunitats Catalanes de l&#8217;exterior del con sud d&#8217;Am\u00e8rica al Casal Catal\u00e0 de Montevideo"},"content":{"rendered":"<p>Els passats 13, 14 i 15 d\u2019abril, a la seu del Casal Catal\u00e0 de Montevideo (Uruguai) va tenir lloc la 8\u00e0 edici\u00f3 del \u201cTaller de dansa catalana\u201d organitzada per la Xarxa de Comunitats Catalanes de l\u2019Exterior del Con Sud d\u2019Am\u00e8rica, amb el suport del Departament d\u2019Exteriors de la Generalitat de Catalunya, i la direcci\u00f3 del taller a c\u00e0rrec de Llu\u00eds Calduch Ramos, actual Assessor art\u00edstic de l\u2019Esbart Ciutat Comtal, &nbsp;i M. Teresa Agust\u00ed, Directora art\u00edstica de l\u2019Esbart Ciutat Comtal, que alhora han estat tamb\u00e9 els mestres de dansa dels tallers.<\/p>\n<p>Han passat set anys des que es va poder fer l\u2019\u00faltima edici\u00f3 dels tallers l\u2019any 2010 i enguany s\u2019ha pogut reprendre aquesta activitat gr\u00e0cies a l\u2019aportaci\u00f3 i a la tasca que realitza la Xarxa de Comunitats Catalanes a l\u2019Exterior, la col\u00b7laboraci\u00f3 del Casal Catal\u00e0 de Montevideo organitzant i acollint a la seva seu els tallers, i de l\u2019Esbart Ciutat Comtal aportant material &nbsp;i documentaci\u00f3.<\/p>\n<p>La 8\u00e0 edici\u00f3 del \u201cTaller de Dansa Catalana\u201d ha comptat amb la participaci\u00f3 de vuit casals catalans de la Xarxa: Casal dels Pa\u00efsos Catalans de La Plata, Centre Catal\u00e0 de Venado Tuerto, Centre Catal\u00e0 de Mendoza, Les Quatre Barres de Castelar, Centre Catal\u00e0 de Rosario, Centre Catal\u00e0 de Capit\u00e1n Sarmiento, Centre Catal\u00e0 de Mar del Plata i Casal Catal\u00e0 de Montevideo.<\/p>\n<p>En Llu\u00eds Calduch, mestre i director de totes les edicions que s\u2019han fet dels tallers, explica que s\u00f3n una activitat necess\u00e0ria i del tot imprescindible per a poder transmetre la nostra cultura i la dansa catalana a les Comunitats Catalanes del Con Sud d\u2019Am\u00e8rica. Per a ells \u00e9s una manera d\u2019aprendre les nostres arrels, la nostra hist\u00f2ria i la nostra manera de fer i ser, en definitiva, compartim la nostra identitat i la nostra cultura. \u00c9s una activitat i una oportunitat que ens serveix per mostrar-los qu\u00e8 \u00e9s Catalunya i quina \u00e9s la nostra tradici\u00f3. S\u00f3n pocs dies de taller per\u00f2 aprofitem per ensenyar-los a ensenyar i transmetre la manera de ballar partint dels punts b\u00e0sics de la dansa catalana, la import\u00e0ncia d\u2019escoltar i sentir el ritme de la m\u00fasica, una mostra de les nostres danses tradicionals, d\u2019on s\u00f3n, la seva hist\u00f2ria i una breu immersi\u00f3 al qu\u00e8 \u00e9s la indument\u00e0ria tradicional catalana. El&nbsp; m\u00e9s important \u00e9s donar-los eines per poder transmetre el que han apr\u00e8s a la gent dels seus propis casals i que, m\u00e9s que donar-los molta informaci\u00f3, els participants puguin aprendre l\u2019essencial de la nostra cultura i de les danses que en cada edici\u00f3 dels tallers hem anat fent.<\/p>\n<p>Tant en Llu\u00eds Calduch com la Teresa Agust\u00ed expressen el seu agra\u00efment a la Xarxa de Comunitats Catalanes a l\u2019Exterior i al Casal Catal\u00e0 de Montevideo per fer possible aquesta nova edici\u00f3 dels \u201cTallers de dansa catalana\u201d i per l\u2019oportunitat de dirigir-los i ser-ne els mestres de dansa.Tots dos mostren la seva satisfacci\u00f3 en el resultat obtingut i remarquen l\u2019inter\u00e8s i l\u2019atenci\u00f3 de tots els que hi han participat. Tots ells han mostrat una gran expectaci\u00f3 per les danses i per la cultura del nostre pa\u00eds i, sobretot, mostren l\u2019agra\u00efment de poder participar als tallers i rebre en primera persona tota aquesta informaci\u00f3. M\u00fasica, punts, llengua, gestos, hist\u00f2ria, indument\u00e0ria, festa, danses vives, territori, patrimoni cultural i festiu, danses tradicionals, folklore, el \u201cBall d\u2019homenatge\u201d\u2026s\u00f3n tres dies intensos de treball amb una gran c\u00e0rrega emocional i passional que hem transm\u00e8s i hem compartit amb els participants als tallers. Una passi\u00f3 compartida i un estimar una part del nostre patrimoni: la dansa i cultura catalana. Han estat tres dies ballant i sentint en catal\u00e0 al Con Sud d\u2019Am\u00e8rica: la dansa uneix cultures i uneix les persones.<\/p>\n<p><img loading=\"lazy\" class=\"size-medium wp-image-1263 aligncenter\" src=\"http:\/\/esbartciutatcomtal.cat\/wp-content\/uploads\/2017\/04\/TallersMontevideo_fotogrup-300x169.jpg\" alt=\"\" width=\"300\" height=\"169\" srcset=\"https:\/\/esbartciutatcomtal.cat\/wp-content\/uploads\/2017\/04\/TallersMontevideo_fotogrup-300x169.jpg 300w, https:\/\/esbartciutatcomtal.cat\/wp-content\/uploads\/2017\/04\/TallersMontevideo_fotogrup-768x432.jpg 768w, https:\/\/esbartciutatcomtal.cat\/wp-content\/uploads\/2017\/04\/TallersMontevideo_fotogrup-1024x576.jpg 1024w, https:\/\/esbartciutatcomtal.cat\/wp-content\/uploads\/2017\/04\/TallersMontevideo_fotogrup.jpg 1280w\" sizes=\"(max-width: 300px) 100vw, 300px\" \/><\/p>\n","protected":false},"excerpt":{"rendered":"<p>Els passats 13, 14 i 15 d\u2019abril, a la seu del Casal Catal\u00e0 de Montevideo (Uruguai) va tenir lloc la 8\u00e0 edici\u00f3 del \u201cTaller de dansa catalana\u201d organitzada per la Xarxa de Comunitats Catalanes de l\u2019Exterior del Con Sud d\u2019Am\u00e8rica, amb el suport del Departament d\u2019Exteriors de la Generalitat de Catalunya, i la direcci\u00f3 del [&hellip;]<\/p>\n","protected":false},"author":1,"featured_media":1264,"comment_status":"open","ping_status":"open","sticky":false,"template":"","format":"standard","meta":{"ngg_post_thumbnail":0},"categories":[14],"tags":[],"yoast_head":"<!-- This site is optimized with the Yoast SEO plugin v17.6 - https:\/\/yoast.com\/wordpress\/plugins\/seo\/ -->\n<title>8\u00e8 \u201cTaller de dansa catalana&quot; de la Xarxa de Comunitats Catalanes de l&#039;exterior del con sud d&#039;Am\u00e8rica al Casal Catal\u00e0 de Montevideo - Esbart Ciutat Comtal<\/title>\n<meta name=\"robots\" content=\"index, follow, max-snippet:-1, max-image-preview:large, max-video-preview:-1\" \/>\n<link rel=\"canonical\" href=\"https:\/\/esbartciutatcomtal.cat\/index.php\/noticies\/8e-taller-dansa-catalana-xarxa-comunitats-catalanes-lexterior-con-sud-damerica-casal-catala-montevideo\/\" \/>\n<meta property=\"og:locale\" content=\"ca_ES\" \/>\n<meta property=\"og:type\" content=\"article\" \/>\n<meta property=\"og:title\" content=\"8\u00e8 \u201cTaller de dansa catalana&quot; de la Xarxa de Comunitats Catalanes de l&#039;exterior del con sud d&#039;Am\u00e8rica al Casal Catal\u00e0 de Montevideo - Esbart Ciutat Comtal\" \/>\n<meta property=\"og:description\" content=\"Els passats 13, 14 i 15 d\u2019abril, a la seu del Casal Catal\u00e0 de Montevideo (Uruguai) va tenir lloc la 8\u00e0 edici\u00f3 del \u201cTaller de dansa catalana\u201d organitzada per la Xarxa de Comunitats Catalanes de l\u2019Exterior del Con Sud d\u2019Am\u00e8rica, amb el suport del Departament d\u2019Exteriors de la Generalitat de Catalunya, i la direcci\u00f3 del [&hellip;]\" \/>\n<meta property=\"og:url\" content=\"https:\/\/esbartciutatcomtal.cat\/index.php\/noticies\/8e-taller-dansa-catalana-xarxa-comunitats-catalanes-lexterior-con-sud-damerica-casal-catala-montevideo\/\" \/>\n<meta property=\"og:site_name\" content=\"Esbart Ciutat Comtal\" \/>\n<meta property=\"article:publisher\" content=\"https:\/\/www.facebook.com\/esbartciutatcomtal\/\" \/>\n<meta property=\"article:published_time\" content=\"2017-04-21T11:20:24+00:00\" \/>\n<meta property=\"og:image\" content=\"https:\/\/esbartciutatcomtal.cat\/wp-content\/uploads\/2017\/04\/TallersMontevideo_fotodansa.jpg\" \/>\n\t<meta property=\"og:image:width\" content=\"1280\" \/>\n\t<meta property=\"og:image:height\" content=\"720\" \/>\n<meta name=\"twitter:card\" content=\"summary\" \/>\n<meta name=\"twitter:creator\" content=\"@esbartciutatcom\" \/>\n<meta name=\"twitter:site\" content=\"@esbartciutatcom\" \/>\n<meta name=\"twitter:label1\" content=\"Escrit per\" \/>\n\t<meta name=\"twitter:data1\" content=\"admin\" \/>\n\t<meta name=\"twitter:label2\" content=\"Temps estimat de lectura\" \/>\n\t<meta name=\"twitter:data2\" content=\"3 minuts\" \/>\n<script type=\"application\/ld+json\" class=\"yoast-schema-graph\">{\"@context\":\"https:\/\/schema.org\",\"@graph\":[{\"@type\":\"Organization\",\"@id\":\"https:\/\/esbartciutatcomtal.cat\/#organization\",\"name\":\"Esbart Ciutat Comtal\",\"url\":\"https:\/\/esbartciutatcomtal.cat\/\",\"sameAs\":[\"https:\/\/www.facebook.com\/esbartciutatcomtal\/\",\"https:\/\/www.instagram.com\/esbartciutatcom\/\",\"https:\/\/www.youtube.com\/user\/eciutatcomtal\",\"https:\/\/twitter.com\/esbartciutatcom\"],\"logo\":{\"@type\":\"ImageObject\",\"@id\":\"https:\/\/esbartciutatcomtal.cat\/#logo\",\"inLanguage\":\"ca\",\"url\":\"https:\/\/esbartciutatcomtal.cat\/wp-content\/uploads\/2015\/05\/ECClogo.png\",\"contentUrl\":\"https:\/\/esbartciutatcomtal.cat\/wp-content\/uploads\/2015\/05\/ECClogo.png\",\"width\":300,\"height\":125,\"caption\":\"Esbart Ciutat Comtal\"},\"image\":{\"@id\":\"https:\/\/esbartciutatcomtal.cat\/#logo\"}},{\"@type\":\"WebSite\",\"@id\":\"https:\/\/esbartciutatcomtal.cat\/#website\",\"url\":\"https:\/\/esbartciutatcomtal.cat\/\",\"name\":\"Esbart Ciutat Comtal\",\"description\":\"\",\"publisher\":{\"@id\":\"https:\/\/esbartciutatcomtal.cat\/#organization\"},\"potentialAction\":[{\"@type\":\"SearchAction\",\"target\":{\"@type\":\"EntryPoint\",\"urlTemplate\":\"https:\/\/esbartciutatcomtal.cat\/?s={search_term_string}\"},\"query-input\":\"required name=search_term_string\"}],\"inLanguage\":\"ca\"},{\"@type\":\"ImageObject\",\"@id\":\"https:\/\/esbartciutatcomtal.cat\/index.php\/noticies\/8e-taller-dansa-catalana-xarxa-comunitats-catalanes-lexterior-con-sud-damerica-casal-catala-montevideo\/#primaryimage\",\"inLanguage\":\"ca\",\"url\":\"https:\/\/esbartciutatcomtal.cat\/wp-content\/uploads\/2017\/04\/TallersMontevideo_fotodansa.jpg\",\"contentUrl\":\"https:\/\/esbartciutatcomtal.cat\/wp-content\/uploads\/2017\/04\/TallersMontevideo_fotodansa.jpg\",\"width\":1280,\"height\":720},{\"@type\":\"WebPage\",\"@id\":\"https:\/\/esbartciutatcomtal.cat\/index.php\/noticies\/8e-taller-dansa-catalana-xarxa-comunitats-catalanes-lexterior-con-sud-damerica-casal-catala-montevideo\/#webpage\",\"url\":\"https:\/\/esbartciutatcomtal.cat\/index.php\/noticies\/8e-taller-dansa-catalana-xarxa-comunitats-catalanes-lexterior-con-sud-damerica-casal-catala-montevideo\/\",\"name\":\"8\\u00e8 \\u201cTaller de dansa catalana\\\" de la Xarxa de Comunitats Catalanes de l'exterior del con sud d'Am\\u00e8rica al Casal Catal\\u00e0 de Montevideo - Esbart Ciutat Comtal\",\"isPartOf\":{\"@id\":\"https:\/\/esbartciutatcomtal.cat\/#website\"},\"primaryImageOfPage\":{\"@id\":\"https:\/\/esbartciutatcomtal.cat\/index.php\/noticies\/8e-taller-dansa-catalana-xarxa-comunitats-catalanes-lexterior-con-sud-damerica-casal-catala-montevideo\/#primaryimage\"},\"datePublished\":\"2017-04-21T11:20:24+00:00\",\"dateModified\":\"2017-04-21T11:20:24+00:00\",\"breadcrumb\":{\"@id\":\"https:\/\/esbartciutatcomtal.cat\/index.php\/noticies\/8e-taller-dansa-catalana-xarxa-comunitats-catalanes-lexterior-con-sud-damerica-casal-catala-montevideo\/#breadcrumb\"},\"inLanguage\":\"ca\",\"potentialAction\":[{\"@type\":\"ReadAction\",\"target\":[\"https:\/\/esbartciutatcomtal.cat\/index.php\/noticies\/8e-taller-dansa-catalana-xarxa-comunitats-catalanes-lexterior-con-sud-damerica-casal-catala-montevideo\/\"]}]},{\"@type\":\"BreadcrumbList\",\"@id\":\"https:\/\/esbartciutatcomtal.cat\/index.php\/noticies\/8e-taller-dansa-catalana-xarxa-comunitats-catalanes-lexterior-con-sud-damerica-casal-catala-montevideo\/#breadcrumb\",\"itemListElement\":[{\"@type\":\"ListItem\",\"position\":1,\"name\":\"Inici\",\"item\":\"https:\/\/esbartciutatcomtal.cat\/\"},{\"@type\":\"ListItem\",\"position\":2,\"name\":\"8\\u00e8 \\u201cTaller de dansa catalana&#8221; de la Xarxa de Comunitats Catalanes de l&#8217;exterior del con sud d&#8217;Am\\u00e8rica al Casal Catal\\u00e0 de Montevideo\"}]},{\"@type\":\"Article\",\"@id\":\"https:\/\/esbartciutatcomtal.cat\/index.php\/noticies\/8e-taller-dansa-catalana-xarxa-comunitats-catalanes-lexterior-con-sud-damerica-casal-catala-montevideo\/#article\",\"isPartOf\":{\"@id\":\"https:\/\/esbartciutatcomtal.cat\/index.php\/noticies\/8e-taller-dansa-catalana-xarxa-comunitats-catalanes-lexterior-con-sud-damerica-casal-catala-montevideo\/#webpage\"},\"author\":{\"@id\":\"https:\/\/esbartciutatcomtal.cat\/#\/schema\/person\/cdbd8ada4cf668e28900783ee376c7f2\"},\"headline\":\"8\\u00e8 \\u201cTaller de dansa catalana&#8221; de la Xarxa de Comunitats Catalanes de l&#8217;exterior del con sud d&#8217;Am\\u00e8rica al Casal Catal\\u00e0 de Montevideo\",\"datePublished\":\"2017-04-21T11:20:24+00:00\",\"dateModified\":\"2017-04-21T11:20:24+00:00\",\"mainEntityOfPage\":{\"@id\":\"https:\/\/esbartciutatcomtal.cat\/index.php\/noticies\/8e-taller-dansa-catalana-xarxa-comunitats-catalanes-lexterior-con-sud-damerica-casal-catala-montevideo\/#webpage\"},\"wordCount\":682,\"commentCount\":0,\"publisher\":{\"@id\":\"https:\/\/esbartciutatcomtal.cat\/#organization\"},\"image\":{\"@id\":\"https:\/\/esbartciutatcomtal.cat\/index.php\/noticies\/8e-taller-dansa-catalana-xarxa-comunitats-catalanes-lexterior-con-sud-damerica-casal-catala-montevideo\/#primaryimage\"},\"thumbnailUrl\":\"https:\/\/esbartciutatcomtal.cat\/wp-content\/uploads\/2017\/04\/TallersMontevideo_fotodansa.jpg\",\"articleSection\":[\"Not\\u00edcies\"],\"inLanguage\":\"ca\",\"potentialAction\":[{\"@type\":\"CommentAction\",\"name\":\"Comment\",\"target\":[\"https:\/\/esbartciutatcomtal.cat\/index.php\/noticies\/8e-taller-dansa-catalana-xarxa-comunitats-catalanes-lexterior-con-sud-damerica-casal-catala-montevideo\/#respond\"]}]},{\"@type\":\"Person\",\"@id\":\"https:\/\/esbartciutatcomtal.cat\/#\/schema\/person\/cdbd8ada4cf668e28900783ee376c7f2\",\"name\":\"admin\",\"image\":{\"@type\":\"ImageObject\",\"@id\":\"https:\/\/esbartciutatcomtal.cat\/#personlogo\",\"inLanguage\":\"ca\",\"url\":\"https:\/\/secure.gravatar.com\/avatar\/6187d29af38f2d80cec22c004e9b5297?s=96&d=mm&r=g\",\"contentUrl\":\"https:\/\/secure.gravatar.com\/avatar\/6187d29af38f2d80cec22c004e9b5297?s=96&d=mm&r=g\",\"caption\":\"admin\"}}]}<\/script>\n<!-- \/ Yoast SEO plugin. -->","yoast_head_json":{"title":"8\u00e8 \u201cTaller de dansa catalana\" de la Xarxa de Comunitats Catalanes de l'exterior del con sud d'Am\u00e8rica al Casal Catal\u00e0 de Montevideo - Esbart Ciutat Comtal","robots":{"index":"index","follow":"follow","max-snippet":"max-snippet:-1","max-image-preview":"max-image-preview:large","max-video-preview":"max-video-preview:-1"},"canonical":"https:\/\/esbartciutatcomtal.cat\/index.php\/noticies\/8e-taller-dansa-catalana-xarxa-comunitats-catalanes-lexterior-con-sud-damerica-casal-catala-montevideo\/","og_locale":"ca_ES","og_type":"article","og_title":"8\u00e8 \u201cTaller de dansa catalana\" de la Xarxa de Comunitats Catalanes de l'exterior del con sud d'Am\u00e8rica al Casal Catal\u00e0 de Montevideo - Esbart Ciutat Comtal","og_description":"Els passats 13, 14 i 15 d\u2019abril, a la seu del Casal Catal\u00e0 de Montevideo (Uruguai) va tenir lloc la 8\u00e0 edici\u00f3 del \u201cTaller de dansa catalana\u201d organitzada per la Xarxa de Comunitats Catalanes de l\u2019Exterior del Con Sud d\u2019Am\u00e8rica, amb el suport del Departament d\u2019Exteriors de la Generalitat de Catalunya, i la direcci\u00f3 del [&hellip;]","og_url":"https:\/\/esbartciutatcomtal.cat\/index.php\/noticies\/8e-taller-dansa-catalana-xarxa-comunitats-catalanes-lexterior-con-sud-damerica-casal-catala-montevideo\/","og_site_name":"Esbart Ciutat Comtal","article_publisher":"https:\/\/www.facebook.com\/esbartciutatcomtal\/","article_published_time":"2017-04-21T11:20:24+00:00","og_image":[{"width":1280,"height":720,"url":"https:\/\/esbartciutatcomtal.cat\/wp-content\/uploads\/2017\/04\/TallersMontevideo_fotodansa.jpg","type":"image\/jpeg"}],"twitter_card":"summary","twitter_creator":"@esbartciutatcom","twitter_site":"@esbartciutatcom","twitter_misc":{"Escrit per":"admin","Temps estimat de lectura":"3 minuts"},"schema":{"@context":"https:\/\/schema.org","@graph":[{"@type":"Organization","@id":"https:\/\/esbartciutatcomtal.cat\/#organization","name":"Esbart Ciutat Comtal","url":"https:\/\/esbartciutatcomtal.cat\/","sameAs":["https:\/\/www.facebook.com\/esbartciutatcomtal\/","https:\/\/www.instagram.com\/esbartciutatcom\/","https:\/\/www.youtube.com\/user\/eciutatcomtal","https:\/\/twitter.com\/esbartciutatcom"],"logo":{"@type":"ImageObject","@id":"https:\/\/esbartciutatcomtal.cat\/#logo","inLanguage":"ca","url":"https:\/\/esbartciutatcomtal.cat\/wp-content\/uploads\/2015\/05\/ECClogo.png","contentUrl":"https:\/\/esbartciutatcomtal.cat\/wp-content\/uploads\/2015\/05\/ECClogo.png","width":300,"height":125,"caption":"Esbart Ciutat Comtal"},"image":{"@id":"https:\/\/esbartciutatcomtal.cat\/#logo"}},{"@type":"WebSite","@id":"https:\/\/esbartciutatcomtal.cat\/#website","url":"https:\/\/esbartciutatcomtal.cat\/","name":"Esbart Ciutat Comtal","description":"","publisher":{"@id":"https:\/\/esbartciutatcomtal.cat\/#organization"},"potentialAction":[{"@type":"SearchAction","target":{"@type":"EntryPoint","urlTemplate":"https:\/\/esbartciutatcomtal.cat\/?s={search_term_string}"},"query-input":"required name=search_term_string"}],"inLanguage":"ca"},{"@type":"ImageObject","@id":"https:\/\/esbartciutatcomtal.cat\/index.php\/noticies\/8e-taller-dansa-catalana-xarxa-comunitats-catalanes-lexterior-con-sud-damerica-casal-catala-montevideo\/#primaryimage","inLanguage":"ca","url":"https:\/\/esbartciutatcomtal.cat\/wp-content\/uploads\/2017\/04\/TallersMontevideo_fotodansa.jpg","contentUrl":"https:\/\/esbartciutatcomtal.cat\/wp-content\/uploads\/2017\/04\/TallersMontevideo_fotodansa.jpg","width":1280,"height":720},{"@type":"WebPage","@id":"https:\/\/esbartciutatcomtal.cat\/index.php\/noticies\/8e-taller-dansa-catalana-xarxa-comunitats-catalanes-lexterior-con-sud-damerica-casal-catala-montevideo\/#webpage","url":"https:\/\/esbartciutatcomtal.cat\/index.php\/noticies\/8e-taller-dansa-catalana-xarxa-comunitats-catalanes-lexterior-con-sud-damerica-casal-catala-montevideo\/","name":"8\u00e8 \u201cTaller de dansa catalana\" de la Xarxa de Comunitats Catalanes de l'exterior del con sud d'Am\u00e8rica al Casal Catal\u00e0 de Montevideo - Esbart Ciutat Comtal","isPartOf":{"@id":"https:\/\/esbartciutatcomtal.cat\/#website"},"primaryImageOfPage":{"@id":"https:\/\/esbartciutatcomtal.cat\/index.php\/noticies\/8e-taller-dansa-catalana-xarxa-comunitats-catalanes-lexterior-con-sud-damerica-casal-catala-montevideo\/#primaryimage"},"datePublished":"2017-04-21T11:20:24+00:00","dateModified":"2017-04-21T11:20:24+00:00","breadcrumb":{"@id":"https:\/\/esbartciutatcomtal.cat\/index.php\/noticies\/8e-taller-dansa-catalana-xarxa-comunitats-catalanes-lexterior-con-sud-damerica-casal-catala-montevideo\/#breadcrumb"},"inLanguage":"ca","potentialAction":[{"@type":"ReadAction","target":["https:\/\/esbartciutatcomtal.cat\/index.php\/noticies\/8e-taller-dansa-catalana-xarxa-comunitats-catalanes-lexterior-con-sud-damerica-casal-catala-montevideo\/"]}]},{"@type":"BreadcrumbList","@id":"https:\/\/esbartciutatcomtal.cat\/index.php\/noticies\/8e-taller-dansa-catalana-xarxa-comunitats-catalanes-lexterior-con-sud-damerica-casal-catala-montevideo\/#breadcrumb","itemListElement":[{"@type":"ListItem","position":1,"name":"Inici","item":"https:\/\/esbartciutatcomtal.cat\/"},{"@type":"ListItem","position":2,"name":"8\u00e8 \u201cTaller de dansa catalana&#8221; de la Xarxa de Comunitats Catalanes de l&#8217;exterior del con sud d&#8217;Am\u00e8rica al Casal Catal\u00e0 de Montevideo"}]},{"@type":"Article","@id":"https:\/\/esbartciutatcomtal.cat\/index.php\/noticies\/8e-taller-dansa-catalana-xarxa-comunitats-catalanes-lexterior-con-sud-damerica-casal-catala-montevideo\/#article","isPartOf":{"@id":"https:\/\/esbartciutatcomtal.cat\/index.php\/noticies\/8e-taller-dansa-catalana-xarxa-comunitats-catalanes-lexterior-con-sud-damerica-casal-catala-montevideo\/#webpage"},"author":{"@id":"https:\/\/esbartciutatcomtal.cat\/#\/schema\/person\/cdbd8ada4cf668e28900783ee376c7f2"},"headline":"8\u00e8 \u201cTaller de dansa catalana&#8221; de la Xarxa de Comunitats Catalanes de l&#8217;exterior del con sud d&#8217;Am\u00e8rica al Casal Catal\u00e0 de Montevideo","datePublished":"2017-04-21T11:20:24+00:00","dateModified":"2017-04-21T11:20:24+00:00","mainEntityOfPage":{"@id":"https:\/\/esbartciutatcomtal.cat\/index.php\/noticies\/8e-taller-dansa-catalana-xarxa-comunitats-catalanes-lexterior-con-sud-damerica-casal-catala-montevideo\/#webpage"},"wordCount":682,"commentCount":0,"publisher":{"@id":"https:\/\/esbartciutatcomtal.cat\/#organization"},"image":{"@id":"https:\/\/esbartciutatcomtal.cat\/index.php\/noticies\/8e-taller-dansa-catalana-xarxa-comunitats-catalanes-lexterior-con-sud-damerica-casal-catala-montevideo\/#primaryimage"},"thumbnailUrl":"https:\/\/esbartciutatcomtal.cat\/wp-content\/uploads\/2017\/04\/TallersMontevideo_fotodansa.jpg","articleSection":["Not\u00edcies"],"inLanguage":"ca","potentialAction":[{"@type":"CommentAction","name":"Comment","target":["https:\/\/esbartciutatcomtal.cat\/index.php\/noticies\/8e-taller-dansa-catalana-xarxa-comunitats-catalanes-lexterior-con-sud-damerica-casal-catala-montevideo\/#respond"]}]},{"@type":"Person","@id":"https:\/\/esbartciutatcomtal.cat\/#\/schema\/person\/cdbd8ada4cf668e28900783ee376c7f2","name":"admin","image":{"@type":"ImageObject","@id":"https:\/\/esbartciutatcomtal.cat\/#personlogo","inLanguage":"ca","url":"https:\/\/secure.gravatar.com\/avatar\/6187d29af38f2d80cec22c004e9b5297?s=96&d=mm&r=g","contentUrl":"https:\/\/secure.gravatar.com\/avatar\/6187d29af38f2d80cec22c004e9b5297?s=96&d=mm&r=g","caption":"admin"}}]}},"_links":{"self":[{"href":"https:\/\/esbartciutatcomtal.cat\/index.php\/wp-json\/wp\/v2\/posts\/1262"}],"collection":[{"href":"https:\/\/esbartciutatcomtal.cat\/index.php\/wp-json\/wp\/v2\/posts"}],"about":[{"href":"https:\/\/esbartciutatcomtal.cat\/index.php\/wp-json\/wp\/v2\/types\/post"}],"author":[{"embeddable":true,"href":"https:\/\/esbartciutatcomtal.cat\/index.php\/wp-json\/wp\/v2\/users\/1"}],"replies":[{"embeddable":true,"href":"https:\/\/esbartciutatcomtal.cat\/index.php\/wp-json\/wp\/v2\/comments?post=1262"}],"version-history":[{"count":1,"href":"https:\/\/esbartciutatcomtal.cat\/index.php\/wp-json\/wp\/v2\/posts\/1262\/revisions"}],"predecessor-version":[{"id":1265,"href":"https:\/\/esbartciutatcomtal.cat\/index.php\/wp-json\/wp\/v2\/posts\/1262\/revisions\/1265"}],"wp:featuredmedia":[{"embeddable":true,"href":"https:\/\/esbartciutatcomtal.cat\/index.php\/wp-json\/wp\/v2\/media\/1264"}],"wp:attachment":[{"href":"https:\/\/esbartciutatcomtal.cat\/index.php\/wp-json\/wp\/v2\/media?parent=1262"}],"wp:term":[{"taxonomy":"category","embeddable":true,"href":"https:\/\/esbartciutatcomtal.cat\/index.php\/wp-json\/wp\/v2\/categories?post=1262"},{"taxonomy":"post_tag","embeddable":true,"href":"https:\/\/esbartciutatcomtal.cat\/index.php\/wp-json\/wp\/v2\/tags?post=1262"}],"curies":[{"name":"wp","href":"https:\/\/api.w.org\/{rel}","templated":true}]}}