{"id":2643,"date":"2022-04-04T19:24:33","date_gmt":"2022-04-04T17:24:33","guid":{"rendered":"https:\/\/esbartciutatcomtal.cat\/?p=2643"},"modified":"2023-01-29T23:05:07","modified_gmt":"2023-01-29T22:05:07","slug":"en5d-nou-espectacle-de-lesbart-amb-el-grup-criatures","status":"publish","type":"post","link":"https:\/\/esbartciutatcomtal.cat\/index.php\/noticies\/en5d-nou-espectacle-de-lesbart-amb-el-grup-criatures\/","title":{"rendered":"EN5D, nou espectacle de l&#8217;Esbart amb el grup Criatures"},"content":{"rendered":"\n<p>EN5D s\u2019estrenar\u00e0 <strong>dissabte 30 d\u2019abril<\/strong> en funcions de tarda (18:30h) i vespre (21:00h) a la sala gran del Museu Mar\u00edtim de Barcelona. Av. de les Drassanes, s\/n. <\/p>\n\n\n\n<p>Aquest dimecres 30 de mar\u00e7 s\u2019han posat a la venda les entrades, les trobareu a <a href=\"https:\/\/esbartciutatcomtal.us9.list-manage.com\/track\/click?u=6a16e4b7ccd9e080c171adaa7&amp;id=a501d0e827&amp;e=1e9e55eb76\" target=\"_blank\" rel=\"noreferrer noopener\">https:\/\/www.entrapolis.com\/entrades\/en5d <\/a><\/p>\n\n\n\n<p>Tingueu en compte que hi ha dos tipus d\u2019entrada que corresponen a dos tipus de seient.<\/p>\n\n\n\n<figure class=\"wp-block-image size-large\"><a href=\"http:\/\/esbartciutatcomtal.cat\/wp-content\/uploads\/2022\/04\/CARTELL-A3_Mesa-de-trabajo-1_Mesa-de-trabajo-1-scaled.jpg\"><img loading=\"lazy\" width=\"724\" height=\"1024\" src=\"http:\/\/esbartciutatcomtal.cat\/wp-content\/uploads\/2022\/04\/CARTELL-A3_Mesa-de-trabajo-1_Mesa-de-trabajo-1-724x1024.jpg\" alt=\"\" class=\"wp-image-2654\" srcset=\"https:\/\/esbartciutatcomtal.cat\/wp-content\/uploads\/2022\/04\/CARTELL-A3_Mesa-de-trabajo-1_Mesa-de-trabajo-1-724x1024.jpg 724w, https:\/\/esbartciutatcomtal.cat\/wp-content\/uploads\/2022\/04\/CARTELL-A3_Mesa-de-trabajo-1_Mesa-de-trabajo-1-212x300.jpg 212w, https:\/\/esbartciutatcomtal.cat\/wp-content\/uploads\/2022\/04\/CARTELL-A3_Mesa-de-trabajo-1_Mesa-de-trabajo-1-768x1086.jpg 768w, https:\/\/esbartciutatcomtal.cat\/wp-content\/uploads\/2022\/04\/CARTELL-A3_Mesa-de-trabajo-1_Mesa-de-trabajo-1-1086x1536.jpg 1086w, https:\/\/esbartciutatcomtal.cat\/wp-content\/uploads\/2022\/04\/CARTELL-A3_Mesa-de-trabajo-1_Mesa-de-trabajo-1-1448x2048.jpg 1448w, https:\/\/esbartciutatcomtal.cat\/wp-content\/uploads\/2022\/04\/CARTELL-A3_Mesa-de-trabajo-1_Mesa-de-trabajo-1-scaled.jpg 1810w\" sizes=\"(max-width: 724px) 100vw, 724px\" \/><\/a><figcaption>EN5D, un espectacle de dansa i m\u00fasica d&#8217;arrel tradicional<\/figcaption><\/figure>\n\n\n<h3>Qui participa?<\/h3>\n<p><strong><em>ERIKA ESCUDERO<\/em><\/strong>&nbsp;(disseny gr\u00e0fic)<\/p>\n<p>Dissenyadora gr\u00e0fica. Ha treballat per a empreses de diferents sectors i tamb\u00e9 per entitats i esdeveniments puntuals. Aquest bagatge li ha donat una perspectiva global que li permet aplicar m\u00faltiples visions a l\u2019hora de generar una imatge gr\u00e0fica. El logo que ha creat per&nbsp;<span class=\"il\">EN5D<\/span>&nbsp;\u00e9s fidel reflex del caleidoscopi conformat per les seves variades experi\u00e8ncies.<\/p>\n<p><strong><em>MARC UDINA<\/em><\/strong>&nbsp;(disseny vestuari)<\/p>\n<p>Dansaire, actor, escen\u00f2graf i dissenyador de vestuari. Marc Udina ha treballat en for\u00e7a produccions ja sigui dissenyant l\u2019espai esc\u00e8nic o el vestuari. D\u2019entre un curr\u00edculum extens, alguns dels seus treballs m\u00e9s recents s\u00f3n \u201cLa filla del mar\u201d (Vestuari i escenografia) al Teatre Condal i \u201cHero\u00efnes o res\u201d (vestuari) al Teatre Nacional de Catalunya. El vestuari que ha dissenyat el Marc ens portar\u00e0 a un \u00e0mbit urb\u00e0, jove, atemporal, fresc i mediterrani.<br>&nbsp;<br><strong><em>MERC\u00c8 LUCCHETTI <\/em><\/strong>(disseny de l&#8217;espai esc\u00e8nic)<\/p>\n<p>Al nostre pa\u00eds hi trobem un munt de fam\u00edlies dedicades als \u00e0mbits de les arts esc\u00e8niques. Una de les nissagues m\u00e9s conegudes \u00e9s la dels Luchetti. De les generacions joves dels Luchetti en destaca la Merc\u00e8, escen\u00f2grafa que ha treballat per a espectacles ben diversos als quals ha dotat d\u2019ambients adients i plens de m\u00e0gia. L\u2019espectacle de circ \u201cAhir\u201d, produ\u00eft pel teatre Nacional de Catalunya o l\u2019opera per a joves \u201cMeninos\u201d, de La Farandula de Sabadell. La proposta senzilla per\u00f2 efectista que ens ha fet per a&nbsp;<span class=\"il\">EN5D<\/span>&nbsp;neix de la imatge gr\u00e0fica i es fa corp\u00f2ria a l\u2019espai esc\u00e8nic.<\/p>\n<p><strong><em>POL PAYRET<\/em><\/strong>&nbsp;(disseny il\u00b7luminaci\u00f3)<\/p>\n<p>Expert a l\u2019hora d\u2019il\u00b7luminar espais esc\u00e8nics m\u00e9s enll\u00e0 d\u2019un escenari a la italiana, el Pol ha treballat per esdeveniments diversos a la Sala Oval del Palau Nacional, la C\u00fapula de Les Arenes, la Llotja de Mar, l\u2019Estaci\u00f3 de Fran\u00e7a o l\u2019Hospital de Sant Pau. Forma part de l\u2019equip t\u00e8cnic de l\u2019espectacle EUL\u00c0LIA des dels seus inicis i coneix molt b\u00e9 tot el que envolta l\u2019<span class=\"il\">esbart<\/span>. No hi ha dubte que el seu bagatge l\u2019avala davant el repte d\u2019il\u00b7luminar a una sala tan important com la que acollir\u00e0 l\u2019estrena d&#8217;<span class=\"il\">EN5D<\/span>.<\/p>\n<p><strong><em>CRIATURES M\u00daSICA&nbsp;<\/em><\/strong>(m\u00fasica)<\/p>\n<p>Els m\u00fasics del grup Criatures diuen que els hi agradaria que en sentir la seva m\u00fasica ens sent\u00edssim transportats per la senzillesa de l\u2019arrel i amb tota naturalitat cap a registres sonors delicats com els que ofereix un conjunt de cambra. Marc Vall a la percussi\u00f3, Mar\u00e7al Ramon amb l\u2019acordi\u00f3 diat\u00f2nic, Iu Boixader al contrabaix i la gralla de l\u2019Ivo Jord\u00e0 donaran el contrapunt musical a les coreografies d&#8217;<span class=\"il\">EN5D<\/span>. Criatures M\u00fasica ha creat per l\u2019espectacle una partitura plena de matisos que de ben segur ens plaur\u00e0 d\u2019escoltar.<br>&nbsp;<br><strong><em>MARIA TERESA AGUST\u00cd<\/em><\/strong>&nbsp;(coreografia i direcci\u00f3)<\/p>\n<p>Directora art\u00edstica de l\u2019<span class=\"il\">esbart<\/span>&nbsp;Ciutat Comtal es va iniciar com a core\u00f2grafa per l\u2019espectacle \u201cAcr\u00f2stic\u201d per continuar amb \u201cBaula\u201d. Ara ens presenta el seu primer espectacle coreografiat en solitari. A&nbsp;<span class=\"il\">EN5D<\/span>&nbsp;la Teresa fa un pas m\u00e9s en la cerca de nous llenguatges provinents de l\u2019arrel. La proposta inclou diversos elements que la fan molt personal a la vegada que enriquidora.<\/p>\n<p><strong><em>COS DE DANSA<\/em><\/strong>&nbsp;de l\u2019<span class=\"il\">esbart<\/span><\/p>\n<p>El cos de dansa de l\u2019<span class=\"il\">esbart<\/span>&nbsp;s\u2019ha involucrat de manera especial en tot el que envolta l\u2019espectacle. Noves maneres de fer que representen un pas m\u00e9s en la traject\u00f2ria dels nostres dansaires.<\/p>\n<blockquote>\n<h4>Us seguirem informant sobre aquesta imminent estrena. No ens l\u2019hem de perdre!<\/h4>\n<\/blockquote>","protected":false},"excerpt":{"rendered":"<p>EN5D s\u2019estrenar\u00e0 dissabte 30 d\u2019abril en funcions de tarda (18:30h) i vespre (21:00h) a la sala gran del Museu Mar\u00edtim de Barcelona. Av. de les Drassanes, s\/n. Aquest dimecres 30 de mar\u00e7 s\u2019han posat a la venda les entrades, les trobareu a https:\/\/www.entrapolis.com\/entrades\/en5d Tingueu en compte que hi ha dos tipus d\u2019entrada que corresponen a [&hellip;]<\/p>\n","protected":false},"author":1,"featured_media":2650,"comment_status":"open","ping_status":"open","sticky":false,"template":"","format":"standard","meta":{"ngg_post_thumbnail":0},"categories":[14],"tags":[],"yoast_head":"<!-- This site is optimized with the Yoast SEO plugin v17.6 - https:\/\/yoast.com\/wordpress\/plugins\/seo\/ -->\n<title>EN5D, nou espectacle de l&#039;Esbart amb el grup Criatures - Esbart Ciutat Comtal<\/title>\n<meta name=\"description\" content=\"EN5D s\u2019estrenar\u00e0 dissabte 30 d\u2019abril en funcions de tarda i vespre a la sala gran del Museu Mar\u00edtim de Barcelona. Av. de les Drassanes, s\/n.Aquest dimecres 30 de mar\u00e7 s\u2019han posat a la venda les entrades, les trobareu a https:\/\/www.entrapolis.com\/entrades\/en5d Tingueu en compte que hi ha dos tipus d\u2019entrada que corresponen a dos tipus de seient.\" \/>\n<meta name=\"robots\" content=\"index, follow, max-snippet:-1, max-image-preview:large, max-video-preview:-1\" \/>\n<link rel=\"canonical\" href=\"https:\/\/esbartciutatcomtal.cat\/index.php\/noticies\/en5d-nou-espectacle-de-lesbart-amb-el-grup-criatures\/\" \/>\n<meta property=\"og:locale\" content=\"ca_ES\" \/>\n<meta property=\"og:type\" content=\"article\" \/>\n<meta property=\"og:title\" content=\"EN5D nou espectacle de l&#039;esbart ciutat comtal\" \/>\n<meta property=\"og:description\" content=\"EN5D s\u2019estrenar\u00e0 dissabte 30 d\u2019abril en funcions de tarda i vespre a la sala gran del Museu Mar\u00edtim de Barcelona. Av. de les Drassanes, s\/n.Aquest dimecres 30 de mar\u00e7 s\u2019han posat a la venda les entrades, les trobareu a https:\/\/www.entrapolis.com\/entrades\/en5dTingueu en compte que hi ha dos tipus d\u2019entrada que corresponen a dos tipus de seient.\" \/>\n<meta property=\"og:url\" content=\"https:\/\/esbartciutatcomtal.cat\/index.php\/noticies\/en5d-nou-espectacle-de-lesbart-amb-el-grup-criatures\/\" \/>\n<meta property=\"og:site_name\" content=\"Esbart Ciutat Comtal\" \/>\n<meta property=\"article:publisher\" content=\"https:\/\/www.facebook.com\/esbartciutatcomtal\/\" \/>\n<meta property=\"article:published_time\" content=\"2022-04-04T17:24:33+00:00\" \/>\n<meta property=\"article:modified_time\" content=\"2023-01-29T22:05:07+00:00\" \/>\n<meta property=\"og:image\" content=\"http:\/\/esbartciutatcomtal.cat\/wp-content\/uploads\/2022\/04\/Cartell-EN5D-esbart-ciutat-comtal-criatures.jpg\" \/>\n\t<meta property=\"og:image:width\" content=\"724\" \/>\n\t<meta property=\"og:image:height\" content=\"1024\" \/>\n<meta name=\"twitter:card\" content=\"summary\" \/>\n<meta name=\"twitter:title\" content=\"En5D, nou espectacle de dansa i m\u00fasica tradicional\" \/>\n<meta name=\"twitter:description\" content=\"EN5D s\u2019estrenar\u00e0 dissabte 30 d\u2019abril en funcions de tarda i vespre a la sala gran del Museu Mar\u00edtim de Barcelona. Av. de les Drassanes, s\/n.Aquest dimecres 30 de mar\u00e7 s\u2019han posat a la venda les entrades, les trobareu a https:\/\/www.entrapolis.com\/entrades\/en5dTingueu en compte que hi ha dos tipus d\u2019entrada que corresponen a dos tipus de seient.\" \/>\n<meta name=\"twitter:image\" content=\"https:\/\/esbartciutatcomtal.cat\/wp-content\/uploads\/2022\/04\/Cartell-EN5D-esbart-ciutat-comtal-criatures.jpg\" \/>\n<meta name=\"twitter:creator\" content=\"@esbartciutatcom\" \/>\n<meta name=\"twitter:site\" content=\"@esbartciutatcom\" \/>\n<meta name=\"twitter:label1\" content=\"Escrit per\" \/>\n\t<meta name=\"twitter:data1\" content=\"admin\" \/>\n\t<meta name=\"twitter:label2\" content=\"Temps estimat de lectura\" \/>\n\t<meta name=\"twitter:data2\" content=\"3 minuts\" \/>\n<script type=\"application\/ld+json\" class=\"yoast-schema-graph\">{\"@context\":\"https:\/\/schema.org\",\"@graph\":[{\"@type\":\"Organization\",\"@id\":\"https:\/\/esbartciutatcomtal.cat\/#organization\",\"name\":\"Esbart Ciutat Comtal\",\"url\":\"https:\/\/esbartciutatcomtal.cat\/\",\"sameAs\":[\"https:\/\/www.facebook.com\/esbartciutatcomtal\/\",\"https:\/\/www.instagram.com\/esbartciutatcom\/\",\"https:\/\/www.youtube.com\/user\/eciutatcomtal\",\"https:\/\/twitter.com\/esbartciutatcom\"],\"logo\":{\"@type\":\"ImageObject\",\"@id\":\"https:\/\/esbartciutatcomtal.cat\/#logo\",\"inLanguage\":\"ca\",\"url\":\"https:\/\/esbartciutatcomtal.cat\/wp-content\/uploads\/2015\/05\/ECClogo.png\",\"contentUrl\":\"https:\/\/esbartciutatcomtal.cat\/wp-content\/uploads\/2015\/05\/ECClogo.png\",\"width\":300,\"height\":125,\"caption\":\"Esbart Ciutat Comtal\"},\"image\":{\"@id\":\"https:\/\/esbartciutatcomtal.cat\/#logo\"}},{\"@type\":\"WebSite\",\"@id\":\"https:\/\/esbartciutatcomtal.cat\/#website\",\"url\":\"https:\/\/esbartciutatcomtal.cat\/\",\"name\":\"Esbart Ciutat Comtal\",\"description\":\"\",\"publisher\":{\"@id\":\"https:\/\/esbartciutatcomtal.cat\/#organization\"},\"potentialAction\":[{\"@type\":\"SearchAction\",\"target\":{\"@type\":\"EntryPoint\",\"urlTemplate\":\"https:\/\/esbartciutatcomtal.cat\/?s={search_term_string}\"},\"query-input\":\"required name=search_term_string\"}],\"inLanguage\":\"ca\"},{\"@type\":\"ImageObject\",\"@id\":\"https:\/\/esbartciutatcomtal.cat\/index.php\/noticies\/en5d-nou-espectacle-de-lesbart-amb-el-grup-criatures\/#primaryimage\",\"inLanguage\":\"ca\",\"url\":\"https:\/\/esbartciutatcomtal.cat\/wp-content\/uploads\/2022\/04\/Cartell-EN5D-esbart-ciutat-comtal-criatures.jpg\",\"contentUrl\":\"https:\/\/esbartciutatcomtal.cat\/wp-content\/uploads\/2022\/04\/Cartell-EN5D-esbart-ciutat-comtal-criatures.jpg\",\"width\":724,\"height\":1024,\"caption\":\"Nou espectacle EN5D\"},{\"@type\":\"WebPage\",\"@id\":\"https:\/\/esbartciutatcomtal.cat\/index.php\/noticies\/en5d-nou-espectacle-de-lesbart-amb-el-grup-criatures\/#webpage\",\"url\":\"https:\/\/esbartciutatcomtal.cat\/index.php\/noticies\/en5d-nou-espectacle-de-lesbart-amb-el-grup-criatures\/\",\"name\":\"EN5D, nou espectacle de l'Esbart amb el grup Criatures - Esbart Ciutat Comtal\",\"isPartOf\":{\"@id\":\"https:\/\/esbartciutatcomtal.cat\/#website\"},\"primaryImageOfPage\":{\"@id\":\"https:\/\/esbartciutatcomtal.cat\/index.php\/noticies\/en5d-nou-espectacle-de-lesbart-amb-el-grup-criatures\/#primaryimage\"},\"datePublished\":\"2022-04-04T17:24:33+00:00\",\"dateModified\":\"2023-01-29T22:05:07+00:00\",\"description\":\"EN5D s\\u2019estrenar\\u00e0 dissabte 30 d\\u2019abril en funcions de tarda i vespre a la sala gran del Museu Mar\\u00edtim de Barcelona. Av. de les Drassanes, s\/n.Aquest dimecres 30 de mar\\u00e7 s\\u2019han posat a la venda les entrades, les trobareu a https:\/\/www.entrapolis.com\/entrades\/en5d Tingueu en compte que hi ha dos tipus d\\u2019entrada que corresponen a dos tipus de seient.\",\"breadcrumb\":{\"@id\":\"https:\/\/esbartciutatcomtal.cat\/index.php\/noticies\/en5d-nou-espectacle-de-lesbart-amb-el-grup-criatures\/#breadcrumb\"},\"inLanguage\":\"ca\",\"potentialAction\":[{\"@type\":\"ReadAction\",\"target\":[\"https:\/\/esbartciutatcomtal.cat\/index.php\/noticies\/en5d-nou-espectacle-de-lesbart-amb-el-grup-criatures\/\"]}]},{\"@type\":\"BreadcrumbList\",\"@id\":\"https:\/\/esbartciutatcomtal.cat\/index.php\/noticies\/en5d-nou-espectacle-de-lesbart-amb-el-grup-criatures\/#breadcrumb\",\"itemListElement\":[{\"@type\":\"ListItem\",\"position\":1,\"name\":\"Inici\",\"item\":\"https:\/\/esbartciutatcomtal.cat\/\"},{\"@type\":\"ListItem\",\"position\":2,\"name\":\"EN5D, nou espectacle de l&#8217;Esbart amb el grup Criatures\"}]},{\"@type\":\"Article\",\"@id\":\"https:\/\/esbartciutatcomtal.cat\/index.php\/noticies\/en5d-nou-espectacle-de-lesbart-amb-el-grup-criatures\/#article\",\"isPartOf\":{\"@id\":\"https:\/\/esbartciutatcomtal.cat\/index.php\/noticies\/en5d-nou-espectacle-de-lesbart-amb-el-grup-criatures\/#webpage\"},\"author\":{\"@id\":\"https:\/\/esbartciutatcomtal.cat\/#\/schema\/person\/cdbd8ada4cf668e28900783ee376c7f2\"},\"headline\":\"EN5D, nou espectacle de l&#8217;Esbart amb el grup Criatures\",\"datePublished\":\"2022-04-04T17:24:33+00:00\",\"dateModified\":\"2023-01-29T22:05:07+00:00\",\"mainEntityOfPage\":{\"@id\":\"https:\/\/esbartciutatcomtal.cat\/index.php\/noticies\/en5d-nou-espectacle-de-lesbart-amb-el-grup-criatures\/#webpage\"},\"wordCount\":731,\"commentCount\":0,\"publisher\":{\"@id\":\"https:\/\/esbartciutatcomtal.cat\/#organization\"},\"image\":{\"@id\":\"https:\/\/esbartciutatcomtal.cat\/index.php\/noticies\/en5d-nou-espectacle-de-lesbart-amb-el-grup-criatures\/#primaryimage\"},\"thumbnailUrl\":\"https:\/\/esbartciutatcomtal.cat\/wp-content\/uploads\/2022\/04\/Cartell-EN5D-esbart-ciutat-comtal-criatures-1.jpg\",\"articleSection\":[\"Not\\u00edcies\"],\"inLanguage\":\"ca\",\"potentialAction\":[{\"@type\":\"CommentAction\",\"name\":\"Comment\",\"target\":[\"https:\/\/esbartciutatcomtal.cat\/index.php\/noticies\/en5d-nou-espectacle-de-lesbart-amb-el-grup-criatures\/#respond\"]}]},{\"@type\":\"Person\",\"@id\":\"https:\/\/esbartciutatcomtal.cat\/#\/schema\/person\/cdbd8ada4cf668e28900783ee376c7f2\",\"name\":\"admin\",\"image\":{\"@type\":\"ImageObject\",\"@id\":\"https:\/\/esbartciutatcomtal.cat\/#personlogo\",\"inLanguage\":\"ca\",\"url\":\"https:\/\/secure.gravatar.com\/avatar\/6187d29af38f2d80cec22c004e9b5297?s=96&d=mm&r=g\",\"contentUrl\":\"https:\/\/secure.gravatar.com\/avatar\/6187d29af38f2d80cec22c004e9b5297?s=96&d=mm&r=g\",\"caption\":\"admin\"}}]}<\/script>\n<!-- \/ Yoast SEO plugin. -->","yoast_head_json":{"title":"EN5D, nou espectacle de l'Esbart amb el grup Criatures - Esbart Ciutat Comtal","description":"EN5D s\u2019estrenar\u00e0 dissabte 30 d\u2019abril en funcions de tarda i vespre a la sala gran del Museu Mar\u00edtim de Barcelona. Av. de les Drassanes, s\/n.Aquest dimecres 30 de mar\u00e7 s\u2019han posat a la venda les entrades, les trobareu a https:\/\/www.entrapolis.com\/entrades\/en5d Tingueu en compte que hi ha dos tipus d\u2019entrada que corresponen a dos tipus de seient.","robots":{"index":"index","follow":"follow","max-snippet":"max-snippet:-1","max-image-preview":"max-image-preview:large","max-video-preview":"max-video-preview:-1"},"canonical":"https:\/\/esbartciutatcomtal.cat\/index.php\/noticies\/en5d-nou-espectacle-de-lesbart-amb-el-grup-criatures\/","og_locale":"ca_ES","og_type":"article","og_title":"EN5D nou espectacle de l'esbart ciutat comtal","og_description":"EN5D s\u2019estrenar\u00e0 dissabte 30 d\u2019abril en funcions de tarda i vespre a la sala gran del Museu Mar\u00edtim de Barcelona. Av. de les Drassanes, s\/n.Aquest dimecres 30 de mar\u00e7 s\u2019han posat a la venda les entrades, les trobareu a https:\/\/www.entrapolis.com\/entrades\/en5dTingueu en compte que hi ha dos tipus d\u2019entrada que corresponen a dos tipus de seient.","og_url":"https:\/\/esbartciutatcomtal.cat\/index.php\/noticies\/en5d-nou-espectacle-de-lesbart-amb-el-grup-criatures\/","og_site_name":"Esbart Ciutat Comtal","article_publisher":"https:\/\/www.facebook.com\/esbartciutatcomtal\/","article_published_time":"2022-04-04T17:24:33+00:00","article_modified_time":"2023-01-29T22:05:07+00:00","og_image":[{"width":724,"height":1024,"url":"http:\/\/esbartciutatcomtal.cat\/wp-content\/uploads\/2022\/04\/Cartell-EN5D-esbart-ciutat-comtal-criatures.jpg","type":"image\/jpeg"}],"twitter_card":"summary","twitter_title":"En5D, nou espectacle de dansa i m\u00fasica tradicional","twitter_description":"EN5D s\u2019estrenar\u00e0 dissabte 30 d\u2019abril en funcions de tarda i vespre a la sala gran del Museu Mar\u00edtim de Barcelona. Av. de les Drassanes, s\/n.Aquest dimecres 30 de mar\u00e7 s\u2019han posat a la venda les entrades, les trobareu a https:\/\/www.entrapolis.com\/entrades\/en5dTingueu en compte que hi ha dos tipus d\u2019entrada que corresponen a dos tipus de seient.","twitter_image":"https:\/\/esbartciutatcomtal.cat\/wp-content\/uploads\/2022\/04\/Cartell-EN5D-esbart-ciutat-comtal-criatures.jpg","twitter_creator":"@esbartciutatcom","twitter_site":"@esbartciutatcom","twitter_misc":{"Escrit per":"admin","Temps estimat de lectura":"3 minuts"},"schema":{"@context":"https:\/\/schema.org","@graph":[{"@type":"Organization","@id":"https:\/\/esbartciutatcomtal.cat\/#organization","name":"Esbart Ciutat Comtal","url":"https:\/\/esbartciutatcomtal.cat\/","sameAs":["https:\/\/www.facebook.com\/esbartciutatcomtal\/","https:\/\/www.instagram.com\/esbartciutatcom\/","https:\/\/www.youtube.com\/user\/eciutatcomtal","https:\/\/twitter.com\/esbartciutatcom"],"logo":{"@type":"ImageObject","@id":"https:\/\/esbartciutatcomtal.cat\/#logo","inLanguage":"ca","url":"https:\/\/esbartciutatcomtal.cat\/wp-content\/uploads\/2015\/05\/ECClogo.png","contentUrl":"https:\/\/esbartciutatcomtal.cat\/wp-content\/uploads\/2015\/05\/ECClogo.png","width":300,"height":125,"caption":"Esbart Ciutat Comtal"},"image":{"@id":"https:\/\/esbartciutatcomtal.cat\/#logo"}},{"@type":"WebSite","@id":"https:\/\/esbartciutatcomtal.cat\/#website","url":"https:\/\/esbartciutatcomtal.cat\/","name":"Esbart Ciutat Comtal","description":"","publisher":{"@id":"https:\/\/esbartciutatcomtal.cat\/#organization"},"potentialAction":[{"@type":"SearchAction","target":{"@type":"EntryPoint","urlTemplate":"https:\/\/esbartciutatcomtal.cat\/?s={search_term_string}"},"query-input":"required name=search_term_string"}],"inLanguage":"ca"},{"@type":"ImageObject","@id":"https:\/\/esbartciutatcomtal.cat\/index.php\/noticies\/en5d-nou-espectacle-de-lesbart-amb-el-grup-criatures\/#primaryimage","inLanguage":"ca","url":"https:\/\/esbartciutatcomtal.cat\/wp-content\/uploads\/2022\/04\/Cartell-EN5D-esbart-ciutat-comtal-criatures.jpg","contentUrl":"https:\/\/esbartciutatcomtal.cat\/wp-content\/uploads\/2022\/04\/Cartell-EN5D-esbart-ciutat-comtal-criatures.jpg","width":724,"height":1024,"caption":"Nou espectacle EN5D"},{"@type":"WebPage","@id":"https:\/\/esbartciutatcomtal.cat\/index.php\/noticies\/en5d-nou-espectacle-de-lesbart-amb-el-grup-criatures\/#webpage","url":"https:\/\/esbartciutatcomtal.cat\/index.php\/noticies\/en5d-nou-espectacle-de-lesbart-amb-el-grup-criatures\/","name":"EN5D, nou espectacle de l'Esbart amb el grup Criatures - Esbart Ciutat Comtal","isPartOf":{"@id":"https:\/\/esbartciutatcomtal.cat\/#website"},"primaryImageOfPage":{"@id":"https:\/\/esbartciutatcomtal.cat\/index.php\/noticies\/en5d-nou-espectacle-de-lesbart-amb-el-grup-criatures\/#primaryimage"},"datePublished":"2022-04-04T17:24:33+00:00","dateModified":"2023-01-29T22:05:07+00:00","description":"EN5D s\u2019estrenar\u00e0 dissabte 30 d\u2019abril en funcions de tarda i vespre a la sala gran del Museu Mar\u00edtim de Barcelona. Av. de les Drassanes, s\/n.Aquest dimecres 30 de mar\u00e7 s\u2019han posat a la venda les entrades, les trobareu a https:\/\/www.entrapolis.com\/entrades\/en5d Tingueu en compte que hi ha dos tipus d\u2019entrada que corresponen a dos tipus de seient.","breadcrumb":{"@id":"https:\/\/esbartciutatcomtal.cat\/index.php\/noticies\/en5d-nou-espectacle-de-lesbart-amb-el-grup-criatures\/#breadcrumb"},"inLanguage":"ca","potentialAction":[{"@type":"ReadAction","target":["https:\/\/esbartciutatcomtal.cat\/index.php\/noticies\/en5d-nou-espectacle-de-lesbart-amb-el-grup-criatures\/"]}]},{"@type":"BreadcrumbList","@id":"https:\/\/esbartciutatcomtal.cat\/index.php\/noticies\/en5d-nou-espectacle-de-lesbart-amb-el-grup-criatures\/#breadcrumb","itemListElement":[{"@type":"ListItem","position":1,"name":"Inici","item":"https:\/\/esbartciutatcomtal.cat\/"},{"@type":"ListItem","position":2,"name":"EN5D, nou espectacle de l&#8217;Esbart amb el grup Criatures"}]},{"@type":"Article","@id":"https:\/\/esbartciutatcomtal.cat\/index.php\/noticies\/en5d-nou-espectacle-de-lesbart-amb-el-grup-criatures\/#article","isPartOf":{"@id":"https:\/\/esbartciutatcomtal.cat\/index.php\/noticies\/en5d-nou-espectacle-de-lesbart-amb-el-grup-criatures\/#webpage"},"author":{"@id":"https:\/\/esbartciutatcomtal.cat\/#\/schema\/person\/cdbd8ada4cf668e28900783ee376c7f2"},"headline":"EN5D, nou espectacle de l&#8217;Esbart amb el grup Criatures","datePublished":"2022-04-04T17:24:33+00:00","dateModified":"2023-01-29T22:05:07+00:00","mainEntityOfPage":{"@id":"https:\/\/esbartciutatcomtal.cat\/index.php\/noticies\/en5d-nou-espectacle-de-lesbart-amb-el-grup-criatures\/#webpage"},"wordCount":731,"commentCount":0,"publisher":{"@id":"https:\/\/esbartciutatcomtal.cat\/#organization"},"image":{"@id":"https:\/\/esbartciutatcomtal.cat\/index.php\/noticies\/en5d-nou-espectacle-de-lesbart-amb-el-grup-criatures\/#primaryimage"},"thumbnailUrl":"https:\/\/esbartciutatcomtal.cat\/wp-content\/uploads\/2022\/04\/Cartell-EN5D-esbart-ciutat-comtal-criatures-1.jpg","articleSection":["Not\u00edcies"],"inLanguage":"ca","potentialAction":[{"@type":"CommentAction","name":"Comment","target":["https:\/\/esbartciutatcomtal.cat\/index.php\/noticies\/en5d-nou-espectacle-de-lesbart-amb-el-grup-criatures\/#respond"]}]},{"@type":"Person","@id":"https:\/\/esbartciutatcomtal.cat\/#\/schema\/person\/cdbd8ada4cf668e28900783ee376c7f2","name":"admin","image":{"@type":"ImageObject","@id":"https:\/\/esbartciutatcomtal.cat\/#personlogo","inLanguage":"ca","url":"https:\/\/secure.gravatar.com\/avatar\/6187d29af38f2d80cec22c004e9b5297?s=96&d=mm&r=g","contentUrl":"https:\/\/secure.gravatar.com\/avatar\/6187d29af38f2d80cec22c004e9b5297?s=96&d=mm&r=g","caption":"admin"}}]}},"_links":{"self":[{"href":"https:\/\/esbartciutatcomtal.cat\/index.php\/wp-json\/wp\/v2\/posts\/2643"}],"collection":[{"href":"https:\/\/esbartciutatcomtal.cat\/index.php\/wp-json\/wp\/v2\/posts"}],"about":[{"href":"https:\/\/esbartciutatcomtal.cat\/index.php\/wp-json\/wp\/v2\/types\/post"}],"author":[{"embeddable":true,"href":"https:\/\/esbartciutatcomtal.cat\/index.php\/wp-json\/wp\/v2\/users\/1"}],"replies":[{"embeddable":true,"href":"https:\/\/esbartciutatcomtal.cat\/index.php\/wp-json\/wp\/v2\/comments?post=2643"}],"version-history":[{"count":7,"href":"https:\/\/esbartciutatcomtal.cat\/index.php\/wp-json\/wp\/v2\/posts\/2643\/revisions"}],"predecessor-version":[{"id":2668,"href":"https:\/\/esbartciutatcomtal.cat\/index.php\/wp-json\/wp\/v2\/posts\/2643\/revisions\/2668"}],"wp:featuredmedia":[{"embeddable":true,"href":"https:\/\/esbartciutatcomtal.cat\/index.php\/wp-json\/wp\/v2\/media\/2650"}],"wp:attachment":[{"href":"https:\/\/esbartciutatcomtal.cat\/index.php\/wp-json\/wp\/v2\/media?parent=2643"}],"wp:term":[{"taxonomy":"category","embeddable":true,"href":"https:\/\/esbartciutatcomtal.cat\/index.php\/wp-json\/wp\/v2\/categories?post=2643"},{"taxonomy":"post_tag","embeddable":true,"href":"https:\/\/esbartciutatcomtal.cat\/index.php\/wp-json\/wp\/v2\/tags?post=2643"}],"curies":[{"name":"wp","href":"https:\/\/api.w.org\/{rel}","templated":true}]}}