{"id":2753,"date":"2024-09-01T11:45:21","date_gmt":"2024-09-01T09:45:21","guid":{"rendered":"https:\/\/esbartciutatcomtal.cat\/?p=2753"},"modified":"2024-09-01T16:16:35","modified_gmt":"2024-09-01T14:16:35","slug":"nova-oferta-formativa-en-dansa-catalana-de-lesbart-ciutat-comtal","status":"publish","type":"post","link":"https:\/\/esbartciutatcomtal.cat\/index.php\/noticies\/nova-oferta-formativa-en-dansa-catalana-de-lesbart-ciutat-comtal\/","title":{"rendered":"Nova oferta formativa en dansa catalana de l&#8217;Esbart Ciutat Comtal"},"content":{"rendered":"<h3><strong>Descobreix la Passi\u00f3 per la Dansa a l&#8217;Esbart Ciutat Comtal!<\/strong><\/h3>\n<p><img loading=\"lazy\" class=\"alignleft wp-image-2774\" src=\"http:\/\/esbartciutatcomtal.cat\/wp-content\/uploads\/2024\/09\/Banner-taller-gral-300x300.png\" alt=\"\" width=\"230\" height=\"230\" srcset=\"https:\/\/esbartciutatcomtal.cat\/wp-content\/uploads\/2024\/09\/Banner-taller-gral-300x300.png 300w, https:\/\/esbartciutatcomtal.cat\/wp-content\/uploads\/2024\/09\/Banner-taller-gral-1024x1024.png 1024w, https:\/\/esbartciutatcomtal.cat\/wp-content\/uploads\/2024\/09\/Banner-taller-gral-150x150.png 150w, https:\/\/esbartciutatcomtal.cat\/wp-content\/uploads\/2024\/09\/Banner-taller-gral-768x768.png 768w, https:\/\/esbartciutatcomtal.cat\/wp-content\/uploads\/2024\/09\/Banner-taller-gral-45x45.png 45w, https:\/\/esbartciutatcomtal.cat\/wp-content\/uploads\/2024\/09\/Banner-taller-gral.png 1080w\" sizes=\"(max-width: 230px) 100vw, 230px\" \/> <img loading=\"lazy\" class=\"alignleft wp-image-2775\" src=\"http:\/\/esbartciutatcomtal.cat\/wp-content\/uploads\/2024\/09\/1-300x300.png\" alt=\"\" width=\"230\" height=\"230\" srcset=\"https:\/\/esbartciutatcomtal.cat\/wp-content\/uploads\/2024\/09\/1-300x300.png 300w, https:\/\/esbartciutatcomtal.cat\/wp-content\/uploads\/2024\/09\/1-1024x1024.png 1024w, https:\/\/esbartciutatcomtal.cat\/wp-content\/uploads\/2024\/09\/1-150x150.png 150w, https:\/\/esbartciutatcomtal.cat\/wp-content\/uploads\/2024\/09\/1-768x768.png 768w, https:\/\/esbartciutatcomtal.cat\/wp-content\/uploads\/2024\/09\/1-45x45.png 45w, https:\/\/esbartciutatcomtal.cat\/wp-content\/uploads\/2024\/09\/1.png 1080w\" sizes=\"(max-width: 230px) 100vw, 230px\" \/> <img loading=\"lazy\" class=\"alignleft wp-image-2776\" src=\"http:\/\/esbartciutatcomtal.cat\/wp-content\/uploads\/2024\/09\/1-1-300x300.png\" alt=\"\" width=\"230\" height=\"230\" srcset=\"https:\/\/esbartciutatcomtal.cat\/wp-content\/uploads\/2024\/09\/1-1-300x300.png 300w, https:\/\/esbartciutatcomtal.cat\/wp-content\/uploads\/2024\/09\/1-1-1024x1024.png 1024w, https:\/\/esbartciutatcomtal.cat\/wp-content\/uploads\/2024\/09\/1-1-150x150.png 150w, https:\/\/esbartciutatcomtal.cat\/wp-content\/uploads\/2024\/09\/1-1-768x768.png 768w, https:\/\/esbartciutatcomtal.cat\/wp-content\/uploads\/2024\/09\/1-1-45x45.png 45w, https:\/\/esbartciutatcomtal.cat\/wp-content\/uploads\/2024\/09\/1-1.png 1080w\" sizes=\"(max-width: 230px) 100vw, 230px\" \/><\/p>\n<p>&nbsp;<\/p>\n<p>&nbsp;<\/p>\n<p>&nbsp;<\/p>\n<p>&nbsp;<\/p>\n<p>&nbsp;<\/p>\n<p>&nbsp;<\/p>\n<p>&nbsp;<\/p>\n<p>Si est\u00e0s buscant una activitat que connecti tradici\u00f3, cultura i diversi\u00f3 per a tota la fam\u00edlia, l&#8217;Esbart Ciutat Comtal \u00e9s el lloc perfecte per a tu. No importa l&#8217;edat ni el nivell d&#8217;experi\u00e8ncia, tenim una oferta formativa que s\u2019adapta a tothom!<\/p>\n<p>Aqu\u00ed el formulari per m\u00e9s informaci\u00f3:<a href=\"https:\/\/forms.gle\/KVoGeQ4GhekPmxCR8\"> https:\/\/forms.gle\/KVoGeQ4GhekPmxCR8&nbsp;<\/a><\/p>\n<ul>\n<li><strong>Escola de Dansa<\/strong>: Si tens fills o filles entre 4 anys i 6\u00e8 de prim\u00e0ria, apunta&#8217;ls a l\u2019Escola de Dansa! \u00c9s una manera genial d&#8217;introduir-los en el m\u00f3n de la dansa tradicional catalana. Els divendres, de 18:00 a 19:30 hores, gaudiran aprenent mentre fan amics i es mantenen actius.<\/li>\n<li><strong>Grup de Juvenils<\/strong>: Els adolescents tamb\u00e9 tenen el seu espai. Els joves de l\u2019ESO fins als 17 anys poden formar part del Grup de Juvenils, els divendres de 19:00 a 20:30 hores. Aqu\u00ed, poden continuar desenvolupant les seves habilitats mentre es diverteixen i comparteixen moments amb companys de la seva edat.<\/li>\n<li><strong>Cos de Dansa<\/strong> (Companyia): Si ja tens experi\u00e8ncia i vols portar la teva passi\u00f3 per la dansa al seg\u00fcent nivell, el Cos de Dansa t&#8217;ofereix un espai on perfeccionar la t\u00e8cnica i formar part d&#8217;una companyia. Assagem dilluns i divendres de 21:30 a 23:30 hores.<\/li>\n<\/ul>\n<h3><em><strong>NOVETAT del curs 2024-25<\/strong> <\/em><\/h3>\n<p><strong>Taller d&#8217;Adults (Nivell 0)<\/strong>: I no ens oblidem dels adults! Si sempre has volgut ballar per\u00f2 no t&#8217;has atrevit, aquest \u00e9s el teu moment. Els divendres, de 18:00 a 19:00 hores, t\u2019esperem al nostre Taller d&#8217;Adults per comen\u00e7ar a moure\u2019t al ritme de la nostra cultura.<\/p>\n<p>&nbsp;<\/p>\n<p>Les activitats es realitzen <em><strong>al Casinet d&#8217;Hostafrancs<\/strong> <\/em>i per participar-hi nom\u00e9s cal fer-se soci\/s\u00f2cia de l&#8217;entitat, amb una quota de 8\u20ac mensuals (*per cada soci\/s\u00f2cia menor d&#8217;edat caldr\u00e0 que un adult tamb\u00e9 es faci soci\/s\u00f2cia). Aix\u00ed, no nom\u00e9s gaudir\u00e0s de la dansa, sin\u00f3 tamb\u00e9 de formar part d&#8217;una gran fam\u00edlia!&nbsp;<\/p>\n<p>T&#8217;animem a respondre aquest formulari (<a href=\"https:\/\/forms.gle\/KVoGeQ4GhekPmxCR8\">ENLLA\u00c7<\/a>) i t\u2019enviarem tota la informaci\u00f3 per apuntar-te! \u00a1No deixis escapar aquesta oportunitat de ballar, riure i viure la tradici\u00f3!<\/p>\n","protected":false},"excerpt":{"rendered":"<p>La nostra oferta \u00e9s la seg\u00fcent:<\/p>\n<p>Escola de dansa (des dels 4 anys fins a 6\u00e8 de prim\u00e0ria): Divendres de 18:00 a 19:30 hores<br \/>\nGrup de Juvenils (ESO i fins als 17 anys): Divendres de 19:00 a 20:30 hores<br \/>\nTaller d&#8217;adults (nivell 0): Divendres de 18:00 a 19:00 hores<br \/>\nCos de dansa (companyia): Dilluns i divendres de 21:30 a 23:30 hores<\/p>\n<p>Localitzaci\u00f3: Casinet d&#8217;Hostafrancs<\/p>\n<p>Per gaudir de les activitats cal fer-se soci\/s\u00f2cia de l&#8217;entitat (8\u20ac\/mensuals). *per cada soci\/s\u00f2cia menor d&#8217;edat caldr\u00e0 que un adult tamb\u00e9 es faci soci\/s\u00f2cia.<\/p>\n","protected":false},"author":1,"featured_media":2757,"comment_status":"open","ping_status":"open","sticky":false,"template":"","format":"standard","meta":{"ngg_post_thumbnail":0},"categories":[14],"tags":[40,39,37,28,19,38],"yoast_head":"<!-- This site is optimized with the Yoast SEO plugin v17.6 - https:\/\/yoast.com\/wordpress\/plugins\/seo\/ -->\n<title>Nova oferta formativa en dansa catalana de l&#039;Esbart Ciutat Comtal - Esbart Ciutat Comtal Nova oferta formativa en dansa catalana de l&#039;Esbart Ciutat Comtal %<\/title>\n<meta name=\"description\" content=\"La nostra oferta \u00e9s la seg\u00fcent:Escola de dansa (des dels 4 anys fins a 6\u00e8 de prim\u00e0ria): Divendres de 18:00 a 19:30 horesGrup de Juvenils (ESO i fins als 17 anys): Divendres de 19:00 a 20:30 horesTaller d&#039;adults (nivell 0): Divendres de 18:00 a 19:00 horesCos de dansa (companyia): Dilluns i divendres de 21:30 a 23:30 horesLocalitzaci\u00f3: Casinet d&#039;HostafrancsPer gaudir de les activitats cal fer-se soci\/s\u00f2cia de l&#039;entitat (8\u20ac\/mensuals). *per cada soci\/s\u00f2cia menor d&#039;edat caldr\u00e0 que un adult tamb\u00e9 es faci soci\/s\u00f2cia.\" \/>\n<meta name=\"robots\" content=\"index, follow, max-snippet:-1, max-image-preview:large, max-video-preview:-1\" \/>\n<link rel=\"canonical\" href=\"https:\/\/esbartciutatcomtal.cat\/index.php\/noticies\/nova-oferta-formativa-en-dansa-catalana-de-lesbart-ciutat-comtal\/\" \/>\n<meta property=\"og:locale\" content=\"ca_ES\" \/>\n<meta property=\"og:type\" content=\"article\" \/>\n<meta property=\"og:title\" content=\"Oferta formativa Esbart Ciutat Comtal 2024-25\" \/>\n<meta property=\"og:description\" content=\"La nostra oferta \u00e9s la seg\u00fcent:Escola de dansa (des dels 4 anys fins a 6\u00e8 de prim\u00e0ria): Divendres de 18:00 a 19:30 horesGrup de Juvenils (ESO i fins als 17 anys): Divendres de 19:00 a 20:30 horesTaller d&#039;adults (nivell 0): Divendres de 18:00 a 19:00 horesCos de dansa (companyia): Dilluns i divendres de 21:30 a 23:30 horesLocalitzaci\u00f3: Casinet d&#039;HostafrancsPer gaudir de les activitats cal fer-se soci\/s\u00f2cia de l&#039;entitat (8\u20ac\/mensuals). *per cada soci\/s\u00f2cia menor d&#039;edat caldr\u00e0 que un adult tamb\u00e9 es faci soci\/s\u00f2cia.\" \/>\n<meta property=\"og:url\" content=\"https:\/\/esbartciutatcomtal.cat\/index.php\/noticies\/nova-oferta-formativa-en-dansa-catalana-de-lesbart-ciutat-comtal\/\" \/>\n<meta property=\"og:site_name\" content=\"Esbart Ciutat Comtal\" \/>\n<meta property=\"article:publisher\" content=\"https:\/\/www.facebook.com\/esbartciutatcomtal\/\" \/>\n<meta property=\"article:published_time\" content=\"2024-09-01T09:45:21+00:00\" \/>\n<meta property=\"article:modified_time\" content=\"2024-09-01T14:16:35+00:00\" \/>\n<meta property=\"og:image\" content=\"http:\/\/esbartciutatcomtal.cat\/wp-content\/uploads\/2024\/09\/Oferta-formativa-1024x512.png\" \/>\n\t<meta property=\"og:image:width\" content=\"1024\" \/>\n\t<meta property=\"og:image:height\" content=\"512\" \/>\n<meta name=\"twitter:card\" content=\"summary\" \/>\n<meta name=\"twitter:title\" content=\"Oferta formativa Esbart Ciutat Comtal 2024-25\" \/>\n<meta name=\"twitter:description\" content=\"La nostra oferta \u00e9s la seg\u00fcent:Escola de dansa (des dels 4 anys fins a 6\u00e8 de prim\u00e0ria): Divendres de 18:00 a 19:30 horesGrup de Juvenils (ESO i fins als 17 anys): Divendres de 19:00 a 20:30 horesTaller d&#039;adults (nivell 0): Divendres de 18:00 a 19:00 horesCos de dansa (companyia): Dilluns i divendres de 21:30 a 23:30 horesLocalitzaci\u00f3: Casinet d&#039;HostafrancsPer gaudir de les activitats cal fer-se soci\/s\u00f2cia de l&#039;entitat (8\u20ac\/mensuals). *per cada soci\/s\u00f2cia menor d&#039;edat caldr\u00e0 que un adult tamb\u00e9 es faci soci\/s\u00f2cia.\" \/>\n<meta name=\"twitter:image\" content=\"https:\/\/esbartciutatcomtal.cat\/wp-content\/uploads\/2024\/09\/Banner-taller-gral-2.2.png\" \/>\n<meta name=\"twitter:creator\" content=\"@esbartciutatcom\" \/>\n<meta name=\"twitter:site\" content=\"@esbartciutatcom\" \/>\n<meta name=\"twitter:label1\" content=\"Escrit per\" \/>\n\t<meta name=\"twitter:data1\" content=\"admin\" \/>\n\t<meta name=\"twitter:label2\" content=\"Temps estimat de lectura\" \/>\n\t<meta name=\"twitter:data2\" content=\"3 minuts\" \/>\n<script type=\"application\/ld+json\" class=\"yoast-schema-graph\">{\"@context\":\"https:\/\/schema.org\",\"@graph\":[{\"@type\":\"Organization\",\"@id\":\"https:\/\/esbartciutatcomtal.cat\/#organization\",\"name\":\"Esbart Ciutat Comtal\",\"url\":\"https:\/\/esbartciutatcomtal.cat\/\",\"sameAs\":[\"https:\/\/www.facebook.com\/esbartciutatcomtal\/\",\"https:\/\/www.instagram.com\/esbartciutatcom\/\",\"https:\/\/www.youtube.com\/user\/eciutatcomtal\",\"https:\/\/twitter.com\/esbartciutatcom\"],\"logo\":{\"@type\":\"ImageObject\",\"@id\":\"https:\/\/esbartciutatcomtal.cat\/#logo\",\"inLanguage\":\"ca\",\"url\":\"https:\/\/esbartciutatcomtal.cat\/wp-content\/uploads\/2015\/05\/ECClogo.png\",\"contentUrl\":\"https:\/\/esbartciutatcomtal.cat\/wp-content\/uploads\/2015\/05\/ECClogo.png\",\"width\":300,\"height\":125,\"caption\":\"Esbart Ciutat Comtal\"},\"image\":{\"@id\":\"https:\/\/esbartciutatcomtal.cat\/#logo\"}},{\"@type\":\"WebSite\",\"@id\":\"https:\/\/esbartciutatcomtal.cat\/#website\",\"url\":\"https:\/\/esbartciutatcomtal.cat\/\",\"name\":\"Esbart Ciutat Comtal\",\"description\":\"\",\"publisher\":{\"@id\":\"https:\/\/esbartciutatcomtal.cat\/#organization\"},\"potentialAction\":[{\"@type\":\"SearchAction\",\"target\":{\"@type\":\"EntryPoint\",\"urlTemplate\":\"https:\/\/esbartciutatcomtal.cat\/?s={search_term_string}\"},\"query-input\":\"required name=search_term_string\"}],\"inLanguage\":\"ca\"},{\"@type\":\"ImageObject\",\"@id\":\"https:\/\/esbartciutatcomtal.cat\/index.php\/noticies\/nova-oferta-formativa-en-dansa-catalana-de-lesbart-ciutat-comtal\/#primaryimage\",\"inLanguage\":\"ca\",\"url\":\"https:\/\/esbartciutatcomtal.cat\/wp-content\/uploads\/2024\/09\/Oferta-formativa.png\",\"contentUrl\":\"https:\/\/esbartciutatcomtal.cat\/wp-content\/uploads\/2024\/09\/Oferta-formativa.png\",\"width\":6912,\"height\":3456,\"caption\":\"dansa catalana oferta formativa\"},{\"@type\":\"WebPage\",\"@id\":\"https:\/\/esbartciutatcomtal.cat\/index.php\/noticies\/nova-oferta-formativa-en-dansa-catalana-de-lesbart-ciutat-comtal\/#webpage\",\"url\":\"https:\/\/esbartciutatcomtal.cat\/index.php\/noticies\/nova-oferta-formativa-en-dansa-catalana-de-lesbart-ciutat-comtal\/\",\"name\":\"Nova oferta formativa en dansa catalana de l'Esbart Ciutat Comtal - Esbart Ciutat Comtal Nova oferta formativa en dansa catalana de l'Esbart Ciutat Comtal %\",\"isPartOf\":{\"@id\":\"https:\/\/esbartciutatcomtal.cat\/#website\"},\"primaryImageOfPage\":{\"@id\":\"https:\/\/esbartciutatcomtal.cat\/index.php\/noticies\/nova-oferta-formativa-en-dansa-catalana-de-lesbart-ciutat-comtal\/#primaryimage\"},\"datePublished\":\"2024-09-01T09:45:21+00:00\",\"dateModified\":\"2024-09-01T14:16:35+00:00\",\"description\":\"La nostra oferta \\u00e9s la seg\\u00fcent:Escola de dansa (des dels 4 anys fins a 6\\u00e8 de prim\\u00e0ria): Divendres de 18:00 a 19:30 horesGrup de Juvenils (ESO i fins als 17 anys): Divendres de 19:00 a 20:30 horesTaller d'adults (nivell 0): Divendres de 18:00 a 19:00 horesCos de dansa (companyia): Dilluns i divendres de 21:30 a 23:30 horesLocalitzaci\\u00f3: Casinet d'HostafrancsPer gaudir de les activitats cal fer-se soci\/s\\u00f2cia de l'entitat (8\\u20ac\/mensuals). *per cada soci\/s\\u00f2cia menor d'edat caldr\\u00e0 que un adult tamb\\u00e9 es faci soci\/s\\u00f2cia.\",\"breadcrumb\":{\"@id\":\"https:\/\/esbartciutatcomtal.cat\/index.php\/noticies\/nova-oferta-formativa-en-dansa-catalana-de-lesbart-ciutat-comtal\/#breadcrumb\"},\"inLanguage\":\"ca\",\"potentialAction\":[{\"@type\":\"ReadAction\",\"target\":[\"https:\/\/esbartciutatcomtal.cat\/index.php\/noticies\/nova-oferta-formativa-en-dansa-catalana-de-lesbart-ciutat-comtal\/\"]}]},{\"@type\":\"BreadcrumbList\",\"@id\":\"https:\/\/esbartciutatcomtal.cat\/index.php\/noticies\/nova-oferta-formativa-en-dansa-catalana-de-lesbart-ciutat-comtal\/#breadcrumb\",\"itemListElement\":[{\"@type\":\"ListItem\",\"position\":1,\"name\":\"Inici\",\"item\":\"https:\/\/esbartciutatcomtal.cat\/\"},{\"@type\":\"ListItem\",\"position\":2,\"name\":\"Nova oferta formativa en dansa catalana de l&#8217;Esbart Ciutat Comtal\"}]},{\"@type\":\"Article\",\"@id\":\"https:\/\/esbartciutatcomtal.cat\/index.php\/noticies\/nova-oferta-formativa-en-dansa-catalana-de-lesbart-ciutat-comtal\/#article\",\"isPartOf\":{\"@id\":\"https:\/\/esbartciutatcomtal.cat\/index.php\/noticies\/nova-oferta-formativa-en-dansa-catalana-de-lesbart-ciutat-comtal\/#webpage\"},\"author\":{\"@id\":\"https:\/\/esbartciutatcomtal.cat\/#\/schema\/person\/cdbd8ada4cf668e28900783ee376c7f2\"},\"headline\":\"Nova oferta formativa en dansa catalana de l&#8217;Esbart Ciutat Comtal\",\"datePublished\":\"2024-09-01T09:45:21+00:00\",\"dateModified\":\"2024-09-01T14:16:35+00:00\",\"mainEntityOfPage\":{\"@id\":\"https:\/\/esbartciutatcomtal.cat\/index.php\/noticies\/nova-oferta-formativa-en-dansa-catalana-de-lesbart-ciutat-comtal\/#webpage\"},\"wordCount\":365,\"commentCount\":0,\"publisher\":{\"@id\":\"https:\/\/esbartciutatcomtal.cat\/#organization\"},\"image\":{\"@id\":\"https:\/\/esbartciutatcomtal.cat\/index.php\/noticies\/nova-oferta-formativa-en-dansa-catalana-de-lesbart-ciutat-comtal\/#primaryimage\"},\"thumbnailUrl\":\"https:\/\/esbartciutatcomtal.cat\/wp-content\/uploads\/2024\/09\/Banner-taller-gral-2.2.png\",\"keywords\":[\"activitat extra escoalr\",\"curs 2024-2025\",\"dansa catalana\",\"dansa popular\",\"Esbart\",\"formaci\\u00f3\"],\"articleSection\":[\"Not\\u00edcies\"],\"inLanguage\":\"ca\",\"potentialAction\":[{\"@type\":\"CommentAction\",\"name\":\"Comment\",\"target\":[\"https:\/\/esbartciutatcomtal.cat\/index.php\/noticies\/nova-oferta-formativa-en-dansa-catalana-de-lesbart-ciutat-comtal\/#respond\"]}]},{\"@type\":\"Person\",\"@id\":\"https:\/\/esbartciutatcomtal.cat\/#\/schema\/person\/cdbd8ada4cf668e28900783ee376c7f2\",\"name\":\"admin\",\"image\":{\"@type\":\"ImageObject\",\"@id\":\"https:\/\/esbartciutatcomtal.cat\/#personlogo\",\"inLanguage\":\"ca\",\"url\":\"https:\/\/secure.gravatar.com\/avatar\/6187d29af38f2d80cec22c004e9b5297?s=96&d=mm&r=g\",\"contentUrl\":\"https:\/\/secure.gravatar.com\/avatar\/6187d29af38f2d80cec22c004e9b5297?s=96&d=mm&r=g\",\"caption\":\"admin\"}}]}<\/script>\n<!-- \/ Yoast SEO plugin. -->","yoast_head_json":{"title":"Nova oferta formativa en dansa catalana de l'Esbart Ciutat Comtal - Esbart Ciutat Comtal Nova oferta formativa en dansa catalana de l'Esbart Ciutat Comtal %","description":"La nostra oferta \u00e9s la seg\u00fcent:Escola de dansa (des dels 4 anys fins a 6\u00e8 de prim\u00e0ria): Divendres de 18:00 a 19:30 horesGrup de Juvenils (ESO i fins als 17 anys): Divendres de 19:00 a 20:30 horesTaller d'adults (nivell 0): Divendres de 18:00 a 19:00 horesCos de dansa (companyia): Dilluns i divendres de 21:30 a 23:30 horesLocalitzaci\u00f3: Casinet d'HostafrancsPer gaudir de les activitats cal fer-se soci\/s\u00f2cia de l'entitat (8\u20ac\/mensuals). *per cada soci\/s\u00f2cia menor d'edat caldr\u00e0 que un adult tamb\u00e9 es faci soci\/s\u00f2cia.","robots":{"index":"index","follow":"follow","max-snippet":"max-snippet:-1","max-image-preview":"max-image-preview:large","max-video-preview":"max-video-preview:-1"},"canonical":"https:\/\/esbartciutatcomtal.cat\/index.php\/noticies\/nova-oferta-formativa-en-dansa-catalana-de-lesbart-ciutat-comtal\/","og_locale":"ca_ES","og_type":"article","og_title":"Oferta formativa Esbart Ciutat Comtal 2024-25","og_description":"La nostra oferta \u00e9s la seg\u00fcent:Escola de dansa (des dels 4 anys fins a 6\u00e8 de prim\u00e0ria): Divendres de 18:00 a 19:30 horesGrup de Juvenils (ESO i fins als 17 anys): Divendres de 19:00 a 20:30 horesTaller d'adults (nivell 0): Divendres de 18:00 a 19:00 horesCos de dansa (companyia): Dilluns i divendres de 21:30 a 23:30 horesLocalitzaci\u00f3: Casinet d'HostafrancsPer gaudir de les activitats cal fer-se soci\/s\u00f2cia de l'entitat (8\u20ac\/mensuals). *per cada soci\/s\u00f2cia menor d'edat caldr\u00e0 que un adult tamb\u00e9 es faci soci\/s\u00f2cia.","og_url":"https:\/\/esbartciutatcomtal.cat\/index.php\/noticies\/nova-oferta-formativa-en-dansa-catalana-de-lesbart-ciutat-comtal\/","og_site_name":"Esbart Ciutat Comtal","article_publisher":"https:\/\/www.facebook.com\/esbartciutatcomtal\/","article_published_time":"2024-09-01T09:45:21+00:00","article_modified_time":"2024-09-01T14:16:35+00:00","og_image":[{"width":1024,"height":512,"url":"http:\/\/esbartciutatcomtal.cat\/wp-content\/uploads\/2024\/09\/Oferta-formativa-1024x512.png","type":"image\/png"}],"twitter_card":"summary","twitter_title":"Oferta formativa Esbart Ciutat Comtal 2024-25","twitter_description":"La nostra oferta \u00e9s la seg\u00fcent:Escola de dansa (des dels 4 anys fins a 6\u00e8 de prim\u00e0ria): Divendres de 18:00 a 19:30 horesGrup de Juvenils (ESO i fins als 17 anys): Divendres de 19:00 a 20:30 horesTaller d'adults (nivell 0): Divendres de 18:00 a 19:00 horesCos de dansa (companyia): Dilluns i divendres de 21:30 a 23:30 horesLocalitzaci\u00f3: Casinet d'HostafrancsPer gaudir de les activitats cal fer-se soci\/s\u00f2cia de l'entitat (8\u20ac\/mensuals). *per cada soci\/s\u00f2cia menor d'edat caldr\u00e0 que un adult tamb\u00e9 es faci soci\/s\u00f2cia.","twitter_image":"https:\/\/esbartciutatcomtal.cat\/wp-content\/uploads\/2024\/09\/Banner-taller-gral-2.2.png","twitter_creator":"@esbartciutatcom","twitter_site":"@esbartciutatcom","twitter_misc":{"Escrit per":"admin","Temps estimat de lectura":"3 minuts"},"schema":{"@context":"https:\/\/schema.org","@graph":[{"@type":"Organization","@id":"https:\/\/esbartciutatcomtal.cat\/#organization","name":"Esbart Ciutat Comtal","url":"https:\/\/esbartciutatcomtal.cat\/","sameAs":["https:\/\/www.facebook.com\/esbartciutatcomtal\/","https:\/\/www.instagram.com\/esbartciutatcom\/","https:\/\/www.youtube.com\/user\/eciutatcomtal","https:\/\/twitter.com\/esbartciutatcom"],"logo":{"@type":"ImageObject","@id":"https:\/\/esbartciutatcomtal.cat\/#logo","inLanguage":"ca","url":"https:\/\/esbartciutatcomtal.cat\/wp-content\/uploads\/2015\/05\/ECClogo.png","contentUrl":"https:\/\/esbartciutatcomtal.cat\/wp-content\/uploads\/2015\/05\/ECClogo.png","width":300,"height":125,"caption":"Esbart Ciutat Comtal"},"image":{"@id":"https:\/\/esbartciutatcomtal.cat\/#logo"}},{"@type":"WebSite","@id":"https:\/\/esbartciutatcomtal.cat\/#website","url":"https:\/\/esbartciutatcomtal.cat\/","name":"Esbart Ciutat Comtal","description":"","publisher":{"@id":"https:\/\/esbartciutatcomtal.cat\/#organization"},"potentialAction":[{"@type":"SearchAction","target":{"@type":"EntryPoint","urlTemplate":"https:\/\/esbartciutatcomtal.cat\/?s={search_term_string}"},"query-input":"required name=search_term_string"}],"inLanguage":"ca"},{"@type":"ImageObject","@id":"https:\/\/esbartciutatcomtal.cat\/index.php\/noticies\/nova-oferta-formativa-en-dansa-catalana-de-lesbart-ciutat-comtal\/#primaryimage","inLanguage":"ca","url":"https:\/\/esbartciutatcomtal.cat\/wp-content\/uploads\/2024\/09\/Oferta-formativa.png","contentUrl":"https:\/\/esbartciutatcomtal.cat\/wp-content\/uploads\/2024\/09\/Oferta-formativa.png","width":6912,"height":3456,"caption":"dansa catalana oferta formativa"},{"@type":"WebPage","@id":"https:\/\/esbartciutatcomtal.cat\/index.php\/noticies\/nova-oferta-formativa-en-dansa-catalana-de-lesbart-ciutat-comtal\/#webpage","url":"https:\/\/esbartciutatcomtal.cat\/index.php\/noticies\/nova-oferta-formativa-en-dansa-catalana-de-lesbart-ciutat-comtal\/","name":"Nova oferta formativa en dansa catalana de l'Esbart Ciutat Comtal - Esbart Ciutat Comtal Nova oferta formativa en dansa catalana de l'Esbart Ciutat Comtal %","isPartOf":{"@id":"https:\/\/esbartciutatcomtal.cat\/#website"},"primaryImageOfPage":{"@id":"https:\/\/esbartciutatcomtal.cat\/index.php\/noticies\/nova-oferta-formativa-en-dansa-catalana-de-lesbart-ciutat-comtal\/#primaryimage"},"datePublished":"2024-09-01T09:45:21+00:00","dateModified":"2024-09-01T14:16:35+00:00","description":"La nostra oferta \u00e9s la seg\u00fcent:Escola de dansa (des dels 4 anys fins a 6\u00e8 de prim\u00e0ria): Divendres de 18:00 a 19:30 horesGrup de Juvenils (ESO i fins als 17 anys): Divendres de 19:00 a 20:30 horesTaller d'adults (nivell 0): Divendres de 18:00 a 19:00 horesCos de dansa (companyia): Dilluns i divendres de 21:30 a 23:30 horesLocalitzaci\u00f3: Casinet d'HostafrancsPer gaudir de les activitats cal fer-se soci\/s\u00f2cia de l'entitat (8\u20ac\/mensuals). *per cada soci\/s\u00f2cia menor d'edat caldr\u00e0 que un adult tamb\u00e9 es faci soci\/s\u00f2cia.","breadcrumb":{"@id":"https:\/\/esbartciutatcomtal.cat\/index.php\/noticies\/nova-oferta-formativa-en-dansa-catalana-de-lesbart-ciutat-comtal\/#breadcrumb"},"inLanguage":"ca","potentialAction":[{"@type":"ReadAction","target":["https:\/\/esbartciutatcomtal.cat\/index.php\/noticies\/nova-oferta-formativa-en-dansa-catalana-de-lesbart-ciutat-comtal\/"]}]},{"@type":"BreadcrumbList","@id":"https:\/\/esbartciutatcomtal.cat\/index.php\/noticies\/nova-oferta-formativa-en-dansa-catalana-de-lesbart-ciutat-comtal\/#breadcrumb","itemListElement":[{"@type":"ListItem","position":1,"name":"Inici","item":"https:\/\/esbartciutatcomtal.cat\/"},{"@type":"ListItem","position":2,"name":"Nova oferta formativa en dansa catalana de l&#8217;Esbart Ciutat Comtal"}]},{"@type":"Article","@id":"https:\/\/esbartciutatcomtal.cat\/index.php\/noticies\/nova-oferta-formativa-en-dansa-catalana-de-lesbart-ciutat-comtal\/#article","isPartOf":{"@id":"https:\/\/esbartciutatcomtal.cat\/index.php\/noticies\/nova-oferta-formativa-en-dansa-catalana-de-lesbart-ciutat-comtal\/#webpage"},"author":{"@id":"https:\/\/esbartciutatcomtal.cat\/#\/schema\/person\/cdbd8ada4cf668e28900783ee376c7f2"},"headline":"Nova oferta formativa en dansa catalana de l&#8217;Esbart Ciutat Comtal","datePublished":"2024-09-01T09:45:21+00:00","dateModified":"2024-09-01T14:16:35+00:00","mainEntityOfPage":{"@id":"https:\/\/esbartciutatcomtal.cat\/index.php\/noticies\/nova-oferta-formativa-en-dansa-catalana-de-lesbart-ciutat-comtal\/#webpage"},"wordCount":365,"commentCount":0,"publisher":{"@id":"https:\/\/esbartciutatcomtal.cat\/#organization"},"image":{"@id":"https:\/\/esbartciutatcomtal.cat\/index.php\/noticies\/nova-oferta-formativa-en-dansa-catalana-de-lesbart-ciutat-comtal\/#primaryimage"},"thumbnailUrl":"https:\/\/esbartciutatcomtal.cat\/wp-content\/uploads\/2024\/09\/Banner-taller-gral-2.2.png","keywords":["activitat extra escoalr","curs 2024-2025","dansa catalana","dansa popular","Esbart","formaci\u00f3"],"articleSection":["Not\u00edcies"],"inLanguage":"ca","potentialAction":[{"@type":"CommentAction","name":"Comment","target":["https:\/\/esbartciutatcomtal.cat\/index.php\/noticies\/nova-oferta-formativa-en-dansa-catalana-de-lesbart-ciutat-comtal\/#respond"]}]},{"@type":"Person","@id":"https:\/\/esbartciutatcomtal.cat\/#\/schema\/person\/cdbd8ada4cf668e28900783ee376c7f2","name":"admin","image":{"@type":"ImageObject","@id":"https:\/\/esbartciutatcomtal.cat\/#personlogo","inLanguage":"ca","url":"https:\/\/secure.gravatar.com\/avatar\/6187d29af38f2d80cec22c004e9b5297?s=96&d=mm&r=g","contentUrl":"https:\/\/secure.gravatar.com\/avatar\/6187d29af38f2d80cec22c004e9b5297?s=96&d=mm&r=g","caption":"admin"}}]}},"_links":{"self":[{"href":"https:\/\/esbartciutatcomtal.cat\/index.php\/wp-json\/wp\/v2\/posts\/2753"}],"collection":[{"href":"https:\/\/esbartciutatcomtal.cat\/index.php\/wp-json\/wp\/v2\/posts"}],"about":[{"href":"https:\/\/esbartciutatcomtal.cat\/index.php\/wp-json\/wp\/v2\/types\/post"}],"author":[{"embeddable":true,"href":"https:\/\/esbartciutatcomtal.cat\/index.php\/wp-json\/wp\/v2\/users\/1"}],"replies":[{"embeddable":true,"href":"https:\/\/esbartciutatcomtal.cat\/index.php\/wp-json\/wp\/v2\/comments?post=2753"}],"version-history":[{"count":13,"href":"https:\/\/esbartciutatcomtal.cat\/index.php\/wp-json\/wp\/v2\/posts\/2753\/revisions"}],"predecessor-version":[{"id":2783,"href":"https:\/\/esbartciutatcomtal.cat\/index.php\/wp-json\/wp\/v2\/posts\/2753\/revisions\/2783"}],"wp:featuredmedia":[{"embeddable":true,"href":"https:\/\/esbartciutatcomtal.cat\/index.php\/wp-json\/wp\/v2\/media\/2757"}],"wp:attachment":[{"href":"https:\/\/esbartciutatcomtal.cat\/index.php\/wp-json\/wp\/v2\/media?parent=2753"}],"wp:term":[{"taxonomy":"category","embeddable":true,"href":"https:\/\/esbartciutatcomtal.cat\/index.php\/wp-json\/wp\/v2\/categories?post=2753"},{"taxonomy":"post_tag","embeddable":true,"href":"https:\/\/esbartciutatcomtal.cat\/index.php\/wp-json\/wp\/v2\/tags?post=2753"}],"curies":[{"name":"wp","href":"https:\/\/api.w.org\/{rel}","templated":true}]}}