{"id":822,"date":"2015-06-15T15:28:43","date_gmt":"2015-06-15T13:28:43","guid":{"rendered":"http:\/\/esbartciutatcomtal.cat\/?p=822"},"modified":"2016-01-20T18:07:15","modified_gmt":"2016-01-20T17:07:15","slug":"fi-de-curs-de-lescola-de-dansa","status":"publish","type":"post","link":"https:\/\/esbartciutatcomtal.cat\/index.php\/noticies\/fi-de-curs-de-lescola-de-dansa\/","title":{"rendered":"Fi de curs de l\u2019escola de dansa"},"content":{"rendered":"<p><a href=\"http:\/\/esbartciutatcomtal.cat\/wp-content\/uploads\/2015\/06\/escola-dansa-esbart-ciutat-comtal-barcelona.jpg\"><img loading=\"lazy\" class=\" size-large wp-image-823 aligncenter\" src=\"http:\/\/esbartciutatcomtal.cat\/wp-content\/uploads\/2015\/06\/escola-dansa-esbart-ciutat-comtal-barcelona-1024x570.jpg\" alt=\"escola-dansa-esbart-ciutat-comtal-barcelona\" width=\"720\" height=\"401\" srcset=\"https:\/\/esbartciutatcomtal.cat\/wp-content\/uploads\/2015\/06\/escola-dansa-esbart-ciutat-comtal-barcelona-1024x570.jpg 1024w, https:\/\/esbartciutatcomtal.cat\/wp-content\/uploads\/2015\/06\/escola-dansa-esbart-ciutat-comtal-barcelona-300x167.jpg 300w, https:\/\/esbartciutatcomtal.cat\/wp-content\/uploads\/2015\/06\/escola-dansa-esbart-ciutat-comtal-barcelona.jpg 1178w\" sizes=\"(max-width: 720px) 100vw, 720px\" \/><\/a>El passat diumenge 14 de juny al mat\u00ed, es va fer la mostra de fi de curs de l\u2019escola de dansa de l\u2019esbart.<\/p>\n<p>Els petits dansaires de l\u2019entitat van ensenyar-nos les danses que han apr\u00e8s durant el curs, aix\u00ed com altres aspectes relacionats, la coordinaci\u00f3 de moviments o el ritme amb instruments. A m\u00e9s, el fil conductor de la mostra van ser els instruments de la cobla, que els han treballat durant el curs.<\/p>\n<p>Va ser un mat\u00ed molt agradable, on vam gaudir del futur de l\u2019entitat, i vam compartir amb ells la il\u00b7lusi\u00f3 amb qu\u00e8 ho han preparat durant el curs.<\/p>\n<p><a href=\"https:\/\/www.facebook.com\/esbartciutatcomtal\/posts\/1402420826755230\" target=\"_blank\">Aqu\u00ed tens una selecci\u00f3 de les millors fotografies.\u00a0<\/a><\/p>\n","protected":false},"excerpt":{"rendered":"<p>El passat diumenge 14 de juny al mat\u00ed, es va fer la mostra de fi de curs de l\u2019escola de dansa de l\u2019esbart. Els petits dansaires de l\u2019entitat van ensenyar-nos les danses que han apr\u00e8s durant el curs, aix\u00ed com altres aspectes relacionats, la coordinaci\u00f3 de moviments o el ritme amb instruments. A m\u00e9s, el [&hellip;]<\/p>\n","protected":false},"author":1,"featured_media":823,"comment_status":"open","ping_status":"closed","sticky":false,"template":"","format":"standard","meta":{"ngg_post_thumbnail":0},"categories":[14],"tags":[],"yoast_head":"<!-- This site is optimized with the Yoast SEO plugin v17.6 - https:\/\/yoast.com\/wordpress\/plugins\/seo\/ -->\n<title>Fi de curs de l\u2019escola de dansa - Esbart Ciutat Comtal<\/title>\n<meta name=\"robots\" content=\"index, follow, max-snippet:-1, max-image-preview:large, max-video-preview:-1\" \/>\n<link rel=\"canonical\" href=\"https:\/\/esbartciutatcomtal.cat\/index.php\/noticies\/fi-de-curs-de-lescola-de-dansa\/\" \/>\n<meta property=\"og:locale\" content=\"ca_ES\" \/>\n<meta property=\"og:type\" content=\"article\" \/>\n<meta property=\"og:title\" content=\"Fi de curs de l\u2019escola de dansa - Esbart Ciutat Comtal\" \/>\n<meta property=\"og:description\" content=\"El passat diumenge 14 de juny al mat\u00ed, es va fer la mostra de fi de curs de l\u2019escola de dansa de l\u2019esbart. Els petits dansaires de l\u2019entitat van ensenyar-nos les danses que han apr\u00e8s durant el curs, aix\u00ed com altres aspectes relacionats, la coordinaci\u00f3 de moviments o el ritme amb instruments. A m\u00e9s, el [&hellip;]\" \/>\n<meta property=\"og:url\" content=\"https:\/\/esbartciutatcomtal.cat\/index.php\/noticies\/fi-de-curs-de-lescola-de-dansa\/\" \/>\n<meta property=\"og:site_name\" content=\"Esbart Ciutat Comtal\" \/>\n<meta property=\"article:publisher\" content=\"https:\/\/www.facebook.com\/esbartciutatcomtal\/\" \/>\n<meta property=\"article:published_time\" content=\"2015-06-15T13:28:43+00:00\" \/>\n<meta property=\"article:modified_time\" content=\"2016-01-20T17:07:15+00:00\" \/>\n<meta property=\"og:image\" content=\"https:\/\/esbartciutatcomtal.cat\/wp-content\/uploads\/2015\/06\/escola-dansa-esbart-ciutat-comtal-barcelona.jpg\" \/>\n\t<meta property=\"og:image:width\" content=\"1178\" \/>\n\t<meta property=\"og:image:height\" content=\"656\" \/>\n<meta name=\"twitter:card\" content=\"summary\" \/>\n<meta name=\"twitter:creator\" content=\"@esbartciutatcom\" \/>\n<meta name=\"twitter:site\" content=\"@esbartciutatcom\" \/>\n<meta name=\"twitter:label1\" content=\"Escrit per\" \/>\n\t<meta name=\"twitter:data1\" content=\"admin\" \/>\n\t<meta name=\"twitter:label2\" content=\"Temps estimat de lectura\" \/>\n\t<meta name=\"twitter:data2\" content=\"1 minut\" \/>\n<script type=\"application\/ld+json\" class=\"yoast-schema-graph\">{\"@context\":\"https:\/\/schema.org\",\"@graph\":[{\"@type\":\"Organization\",\"@id\":\"https:\/\/esbartciutatcomtal.cat\/#organization\",\"name\":\"Esbart Ciutat Comtal\",\"url\":\"https:\/\/esbartciutatcomtal.cat\/\",\"sameAs\":[\"https:\/\/www.facebook.com\/esbartciutatcomtal\/\",\"https:\/\/www.instagram.com\/esbartciutatcom\/\",\"https:\/\/www.youtube.com\/user\/eciutatcomtal\",\"https:\/\/twitter.com\/esbartciutatcom\"],\"logo\":{\"@type\":\"ImageObject\",\"@id\":\"https:\/\/esbartciutatcomtal.cat\/#logo\",\"inLanguage\":\"ca\",\"url\":\"https:\/\/esbartciutatcomtal.cat\/wp-content\/uploads\/2015\/05\/ECClogo.png\",\"contentUrl\":\"https:\/\/esbartciutatcomtal.cat\/wp-content\/uploads\/2015\/05\/ECClogo.png\",\"width\":300,\"height\":125,\"caption\":\"Esbart Ciutat Comtal\"},\"image\":{\"@id\":\"https:\/\/esbartciutatcomtal.cat\/#logo\"}},{\"@type\":\"WebSite\",\"@id\":\"https:\/\/esbartciutatcomtal.cat\/#website\",\"url\":\"https:\/\/esbartciutatcomtal.cat\/\",\"name\":\"Esbart Ciutat Comtal\",\"description\":\"\",\"publisher\":{\"@id\":\"https:\/\/esbartciutatcomtal.cat\/#organization\"},\"potentialAction\":[{\"@type\":\"SearchAction\",\"target\":{\"@type\":\"EntryPoint\",\"urlTemplate\":\"https:\/\/esbartciutatcomtal.cat\/?s={search_term_string}\"},\"query-input\":\"required name=search_term_string\"}],\"inLanguage\":\"ca\"},{\"@type\":\"ImageObject\",\"@id\":\"https:\/\/esbartciutatcomtal.cat\/index.php\/noticies\/fi-de-curs-de-lescola-de-dansa\/#primaryimage\",\"inLanguage\":\"ca\",\"url\":\"https:\/\/esbartciutatcomtal.cat\/wp-content\/uploads\/2015\/06\/escola-dansa-esbart-ciutat-comtal-barcelona.jpg\",\"contentUrl\":\"https:\/\/esbartciutatcomtal.cat\/wp-content\/uploads\/2015\/06\/escola-dansa-esbart-ciutat-comtal-barcelona.jpg\",\"width\":1178,\"height\":656},{\"@type\":\"WebPage\",\"@id\":\"https:\/\/esbartciutatcomtal.cat\/index.php\/noticies\/fi-de-curs-de-lescola-de-dansa\/#webpage\",\"url\":\"https:\/\/esbartciutatcomtal.cat\/index.php\/noticies\/fi-de-curs-de-lescola-de-dansa\/\",\"name\":\"Fi de curs de l\\u2019escola de dansa - Esbart Ciutat Comtal\",\"isPartOf\":{\"@id\":\"https:\/\/esbartciutatcomtal.cat\/#website\"},\"primaryImageOfPage\":{\"@id\":\"https:\/\/esbartciutatcomtal.cat\/index.php\/noticies\/fi-de-curs-de-lescola-de-dansa\/#primaryimage\"},\"datePublished\":\"2015-06-15T13:28:43+00:00\",\"dateModified\":\"2016-01-20T17:07:15+00:00\",\"breadcrumb\":{\"@id\":\"https:\/\/esbartciutatcomtal.cat\/index.php\/noticies\/fi-de-curs-de-lescola-de-dansa\/#breadcrumb\"},\"inLanguage\":\"ca\",\"potentialAction\":[{\"@type\":\"ReadAction\",\"target\":[\"https:\/\/esbartciutatcomtal.cat\/index.php\/noticies\/fi-de-curs-de-lescola-de-dansa\/\"]}]},{\"@type\":\"BreadcrumbList\",\"@id\":\"https:\/\/esbartciutatcomtal.cat\/index.php\/noticies\/fi-de-curs-de-lescola-de-dansa\/#breadcrumb\",\"itemListElement\":[{\"@type\":\"ListItem\",\"position\":1,\"name\":\"Inici\",\"item\":\"https:\/\/esbartciutatcomtal.cat\/\"},{\"@type\":\"ListItem\",\"position\":2,\"name\":\"Fi de curs de l\\u2019escola de dansa\"}]},{\"@type\":\"Article\",\"@id\":\"https:\/\/esbartciutatcomtal.cat\/index.php\/noticies\/fi-de-curs-de-lescola-de-dansa\/#article\",\"isPartOf\":{\"@id\":\"https:\/\/esbartciutatcomtal.cat\/index.php\/noticies\/fi-de-curs-de-lescola-de-dansa\/#webpage\"},\"author\":{\"@id\":\"https:\/\/esbartciutatcomtal.cat\/#\/schema\/person\/cdbd8ada4cf668e28900783ee376c7f2\"},\"headline\":\"Fi de curs de l\\u2019escola de dansa\",\"datePublished\":\"2015-06-15T13:28:43+00:00\",\"dateModified\":\"2016-01-20T17:07:15+00:00\",\"mainEntityOfPage\":{\"@id\":\"https:\/\/esbartciutatcomtal.cat\/index.php\/noticies\/fi-de-curs-de-lescola-de-dansa\/#webpage\"},\"wordCount\":124,\"commentCount\":0,\"publisher\":{\"@id\":\"https:\/\/esbartciutatcomtal.cat\/#organization\"},\"image\":{\"@id\":\"https:\/\/esbartciutatcomtal.cat\/index.php\/noticies\/fi-de-curs-de-lescola-de-dansa\/#primaryimage\"},\"thumbnailUrl\":\"https:\/\/esbartciutatcomtal.cat\/wp-content\/uploads\/2015\/06\/escola-dansa-esbart-ciutat-comtal-barcelona.jpg\",\"articleSection\":[\"Not\\u00edcies\"],\"inLanguage\":\"ca\",\"potentialAction\":[{\"@type\":\"CommentAction\",\"name\":\"Comment\",\"target\":[\"https:\/\/esbartciutatcomtal.cat\/index.php\/noticies\/fi-de-curs-de-lescola-de-dansa\/#respond\"]}]},{\"@type\":\"Person\",\"@id\":\"https:\/\/esbartciutatcomtal.cat\/#\/schema\/person\/cdbd8ada4cf668e28900783ee376c7f2\",\"name\":\"admin\",\"image\":{\"@type\":\"ImageObject\",\"@id\":\"https:\/\/esbartciutatcomtal.cat\/#personlogo\",\"inLanguage\":\"ca\",\"url\":\"https:\/\/secure.gravatar.com\/avatar\/6187d29af38f2d80cec22c004e9b5297?s=96&d=mm&r=g\",\"contentUrl\":\"https:\/\/secure.gravatar.com\/avatar\/6187d29af38f2d80cec22c004e9b5297?s=96&d=mm&r=g\",\"caption\":\"admin\"}}]}<\/script>\n<!-- \/ Yoast SEO plugin. -->","yoast_head_json":{"title":"Fi de curs de l\u2019escola de dansa - Esbart Ciutat Comtal","robots":{"index":"index","follow":"follow","max-snippet":"max-snippet:-1","max-image-preview":"max-image-preview:large","max-video-preview":"max-video-preview:-1"},"canonical":"https:\/\/esbartciutatcomtal.cat\/index.php\/noticies\/fi-de-curs-de-lescola-de-dansa\/","og_locale":"ca_ES","og_type":"article","og_title":"Fi de curs de l\u2019escola de dansa - Esbart Ciutat Comtal","og_description":"El passat diumenge 14 de juny al mat\u00ed, es va fer la mostra de fi de curs de l\u2019escola de dansa de l\u2019esbart. Els petits dansaires de l\u2019entitat van ensenyar-nos les danses que han apr\u00e8s durant el curs, aix\u00ed com altres aspectes relacionats, la coordinaci\u00f3 de moviments o el ritme amb instruments. A m\u00e9s, el [&hellip;]","og_url":"https:\/\/esbartciutatcomtal.cat\/index.php\/noticies\/fi-de-curs-de-lescola-de-dansa\/","og_site_name":"Esbart Ciutat Comtal","article_publisher":"https:\/\/www.facebook.com\/esbartciutatcomtal\/","article_published_time":"2015-06-15T13:28:43+00:00","article_modified_time":"2016-01-20T17:07:15+00:00","og_image":[{"width":1178,"height":656,"url":"https:\/\/esbartciutatcomtal.cat\/wp-content\/uploads\/2015\/06\/escola-dansa-esbart-ciutat-comtal-barcelona.jpg","type":"image\/jpeg"}],"twitter_card":"summary","twitter_creator":"@esbartciutatcom","twitter_site":"@esbartciutatcom","twitter_misc":{"Escrit per":"admin","Temps estimat de lectura":"1 minut"},"schema":{"@context":"https:\/\/schema.org","@graph":[{"@type":"Organization","@id":"https:\/\/esbartciutatcomtal.cat\/#organization","name":"Esbart Ciutat Comtal","url":"https:\/\/esbartciutatcomtal.cat\/","sameAs":["https:\/\/www.facebook.com\/esbartciutatcomtal\/","https:\/\/www.instagram.com\/esbartciutatcom\/","https:\/\/www.youtube.com\/user\/eciutatcomtal","https:\/\/twitter.com\/esbartciutatcom"],"logo":{"@type":"ImageObject","@id":"https:\/\/esbartciutatcomtal.cat\/#logo","inLanguage":"ca","url":"https:\/\/esbartciutatcomtal.cat\/wp-content\/uploads\/2015\/05\/ECClogo.png","contentUrl":"https:\/\/esbartciutatcomtal.cat\/wp-content\/uploads\/2015\/05\/ECClogo.png","width":300,"height":125,"caption":"Esbart Ciutat Comtal"},"image":{"@id":"https:\/\/esbartciutatcomtal.cat\/#logo"}},{"@type":"WebSite","@id":"https:\/\/esbartciutatcomtal.cat\/#website","url":"https:\/\/esbartciutatcomtal.cat\/","name":"Esbart Ciutat Comtal","description":"","publisher":{"@id":"https:\/\/esbartciutatcomtal.cat\/#organization"},"potentialAction":[{"@type":"SearchAction","target":{"@type":"EntryPoint","urlTemplate":"https:\/\/esbartciutatcomtal.cat\/?s={search_term_string}"},"query-input":"required name=search_term_string"}],"inLanguage":"ca"},{"@type":"ImageObject","@id":"https:\/\/esbartciutatcomtal.cat\/index.php\/noticies\/fi-de-curs-de-lescola-de-dansa\/#primaryimage","inLanguage":"ca","url":"https:\/\/esbartciutatcomtal.cat\/wp-content\/uploads\/2015\/06\/escola-dansa-esbart-ciutat-comtal-barcelona.jpg","contentUrl":"https:\/\/esbartciutatcomtal.cat\/wp-content\/uploads\/2015\/06\/escola-dansa-esbart-ciutat-comtal-barcelona.jpg","width":1178,"height":656},{"@type":"WebPage","@id":"https:\/\/esbartciutatcomtal.cat\/index.php\/noticies\/fi-de-curs-de-lescola-de-dansa\/#webpage","url":"https:\/\/esbartciutatcomtal.cat\/index.php\/noticies\/fi-de-curs-de-lescola-de-dansa\/","name":"Fi de curs de l\u2019escola de dansa - Esbart Ciutat Comtal","isPartOf":{"@id":"https:\/\/esbartciutatcomtal.cat\/#website"},"primaryImageOfPage":{"@id":"https:\/\/esbartciutatcomtal.cat\/index.php\/noticies\/fi-de-curs-de-lescola-de-dansa\/#primaryimage"},"datePublished":"2015-06-15T13:28:43+00:00","dateModified":"2016-01-20T17:07:15+00:00","breadcrumb":{"@id":"https:\/\/esbartciutatcomtal.cat\/index.php\/noticies\/fi-de-curs-de-lescola-de-dansa\/#breadcrumb"},"inLanguage":"ca","potentialAction":[{"@type":"ReadAction","target":["https:\/\/esbartciutatcomtal.cat\/index.php\/noticies\/fi-de-curs-de-lescola-de-dansa\/"]}]},{"@type":"BreadcrumbList","@id":"https:\/\/esbartciutatcomtal.cat\/index.php\/noticies\/fi-de-curs-de-lescola-de-dansa\/#breadcrumb","itemListElement":[{"@type":"ListItem","position":1,"name":"Inici","item":"https:\/\/esbartciutatcomtal.cat\/"},{"@type":"ListItem","position":2,"name":"Fi de curs de l\u2019escola de dansa"}]},{"@type":"Article","@id":"https:\/\/esbartciutatcomtal.cat\/index.php\/noticies\/fi-de-curs-de-lescola-de-dansa\/#article","isPartOf":{"@id":"https:\/\/esbartciutatcomtal.cat\/index.php\/noticies\/fi-de-curs-de-lescola-de-dansa\/#webpage"},"author":{"@id":"https:\/\/esbartciutatcomtal.cat\/#\/schema\/person\/cdbd8ada4cf668e28900783ee376c7f2"},"headline":"Fi de curs de l\u2019escola de dansa","datePublished":"2015-06-15T13:28:43+00:00","dateModified":"2016-01-20T17:07:15+00:00","mainEntityOfPage":{"@id":"https:\/\/esbartciutatcomtal.cat\/index.php\/noticies\/fi-de-curs-de-lescola-de-dansa\/#webpage"},"wordCount":124,"commentCount":0,"publisher":{"@id":"https:\/\/esbartciutatcomtal.cat\/#organization"},"image":{"@id":"https:\/\/esbartciutatcomtal.cat\/index.php\/noticies\/fi-de-curs-de-lescola-de-dansa\/#primaryimage"},"thumbnailUrl":"https:\/\/esbartciutatcomtal.cat\/wp-content\/uploads\/2015\/06\/escola-dansa-esbart-ciutat-comtal-barcelona.jpg","articleSection":["Not\u00edcies"],"inLanguage":"ca","potentialAction":[{"@type":"CommentAction","name":"Comment","target":["https:\/\/esbartciutatcomtal.cat\/index.php\/noticies\/fi-de-curs-de-lescola-de-dansa\/#respond"]}]},{"@type":"Person","@id":"https:\/\/esbartciutatcomtal.cat\/#\/schema\/person\/cdbd8ada4cf668e28900783ee376c7f2","name":"admin","image":{"@type":"ImageObject","@id":"https:\/\/esbartciutatcomtal.cat\/#personlogo","inLanguage":"ca","url":"https:\/\/secure.gravatar.com\/avatar\/6187d29af38f2d80cec22c004e9b5297?s=96&d=mm&r=g","contentUrl":"https:\/\/secure.gravatar.com\/avatar\/6187d29af38f2d80cec22c004e9b5297?s=96&d=mm&r=g","caption":"admin"}}]}},"_links":{"self":[{"href":"https:\/\/esbartciutatcomtal.cat\/index.php\/wp-json\/wp\/v2\/posts\/822"}],"collection":[{"href":"https:\/\/esbartciutatcomtal.cat\/index.php\/wp-json\/wp\/v2\/posts"}],"about":[{"href":"https:\/\/esbartciutatcomtal.cat\/index.php\/wp-json\/wp\/v2\/types\/post"}],"author":[{"embeddable":true,"href":"https:\/\/esbartciutatcomtal.cat\/index.php\/wp-json\/wp\/v2\/users\/1"}],"replies":[{"embeddable":true,"href":"https:\/\/esbartciutatcomtal.cat\/index.php\/wp-json\/wp\/v2\/comments?post=822"}],"version-history":[{"count":5,"href":"https:\/\/esbartciutatcomtal.cat\/index.php\/wp-json\/wp\/v2\/posts\/822\/revisions"}],"predecessor-version":[{"id":827,"href":"https:\/\/esbartciutatcomtal.cat\/index.php\/wp-json\/wp\/v2\/posts\/822\/revisions\/827"}],"wp:featuredmedia":[{"embeddable":true,"href":"https:\/\/esbartciutatcomtal.cat\/index.php\/wp-json\/wp\/v2\/media\/823"}],"wp:attachment":[{"href":"https:\/\/esbartciutatcomtal.cat\/index.php\/wp-json\/wp\/v2\/media?parent=822"}],"wp:term":[{"taxonomy":"category","embeddable":true,"href":"https:\/\/esbartciutatcomtal.cat\/index.php\/wp-json\/wp\/v2\/categories?post=822"},{"taxonomy":"post_tag","embeddable":true,"href":"https:\/\/esbartciutatcomtal.cat\/index.php\/wp-json\/wp\/v2\/tags?post=822"}],"curies":[{"name":"wp","href":"https:\/\/api.w.org\/{rel}","templated":true}]}}